{"id":8566,"count":1,"description":"","link":"https:\/\/www.motivacao.org\/blog\/tag\/e-tratamento-do-corpo-integrado-a-mente-e-ao-espirito","name":"\u00e9 tratamento do corpo integrado \u00e0 mente e ao esp\u00edrito","slug":"e-tratamento-do-corpo-integrado-a-mente-e-ao-espirito","taxonomy":"post_tag","meta":[],"_links":{"self":[{"href":"https:\/\/www.motivacao.org\/blog\/wp-json\/wp\/v2\/tags\/8566","targetHints":{"allow":["GET"]}}],"collection":[{"href":"https:\/\/www.motivacao.org\/blog\/wp-json\/wp\/v2\/tags"}],"about":[{"href":"https:\/\/www.motivacao.org\/blog\/wp-json\/wp\/v2\/taxonomies\/post_tag"}],"wp:post_type":[{"href":"https:\/\/www.motivacao.org\/blog\/wp-json\/wp\/v2\/posts?tags=8566"}],"curies":[{"name":"wp","href":"https:\/\/api.w.org\/{rel}","templated":true}]}}