{"id":13140,"count":1,"description":"","link":"https:\/\/www.motivacao.org\/blog\/tag\/abrindo-espaco-para-a-manifestacao-intempestiva-de-todo-sorte-de-seres-que-habitam-nas-partes-mais-insondaveis-do-astral","name":"abrindo espa\u00e7o para a manifesta\u00e7\u00e3o intempestiva de todo sorte de seres que habitam nas partes mais insond\u00e1veis do astral","slug":"abrindo-espaco-para-a-manifestacao-intempestiva-de-todo-sorte-de-seres-que-habitam-nas-partes-mais-insondaveis-do-astral","taxonomy":"post_tag","meta":[],"_links":{"self":[{"href":"https:\/\/www.motivacao.org\/blog\/wp-json\/wp\/v2\/tags\/13140","targetHints":{"allow":["GET"]}}],"collection":[{"href":"https:\/\/www.motivacao.org\/blog\/wp-json\/wp\/v2\/tags"}],"about":[{"href":"https:\/\/www.motivacao.org\/blog\/wp-json\/wp\/v2\/taxonomies\/post_tag"}],"wp:post_type":[{"href":"https:\/\/www.motivacao.org\/blog\/wp-json\/wp\/v2\/posts?tags=13140"}],"curies":[{"name":"wp","href":"https:\/\/api.w.org\/{rel}","templated":true}]}}