{"id":947,"date":"2009-02-11T12:04:02","date_gmt":"2009-02-11T15:04:02","guid":{"rendered":"http:\/\/www.motivacao.org\/blog\/?p=947"},"modified":"2009-02-11T14:41:42","modified_gmt":"2009-02-11T17:41:42","slug":"alinhamento-aquariano-de-14fev2009","status":"publish","type":"post","link":"https:\/\/www.motivacao.org\/blog\/947","title":{"rendered":"Alinhamento Aquariano de 14\/fev\/2009"},"content":{"rendered":"<div style=\"text-align: left; color: #274e13; font-family: Comic Sans MS;\"><span style=\"font-size: small;\"><strong>Alinhamento Aquariano de 14\/fev\/2009<\/strong><\/span><\/div>\n<div style=\"text-align: left; color: #274e13; font-family: Comic Sans MS;\"><span style=\"font-size: small;\">Em pleno s\u00e9culo XXI a massa humana do nosso planeta ainda est\u00e1 influenciada por mentes racionais que pouco podem fazer por falta de sensibilidade diante desses fen\u00f4menos. No entando, dentro da vis\u00e3o hol\u00edstica que defendemos, sabemos que havar\u00e1 sintonia para que aqueles j\u00e1 preparados, possam ser alertados em tempo e assim, colher e propagar os resultados, visando a t\u00e3o sonhada <strong>PAZ UNIVERSAL.<\/strong><\/span><\/div>\n<div style=\"text-align: left; color: #274e13; font-family: Comic Sans MS;\"><span style=\"font-size: small;\"> Aten\u00e7\u00e3o casais espiritualizados e alquimistas: <strong>Ativem seus despertadores!<\/strong><\/span><\/div>\n<div style=\"text-align: left; color: #9900ff; font-family: Comic Sans MS;\"><span style=\"font-size: small;\"><strong><strong>&#8221; \u00c0s 7:25 de 14 fevereiro \/2009 (04:25h no Brasil)\u00a0&#8211; e\u00a0durante os 18 minutos do alinhamento, convido-os, no cora\u00e7\u00e3o universal, para adicionarem a sua pr\u00f3pria inten\u00e7\u00e3o de amor e paz e para co-criarem o advento da Idade do Aqu\u00e1rio ao do Cosmos.&#8221;<\/strong><\/strong><\/span><\/div>\n<div style=\"text-align: left; color: #274e13; font-family: Comic Sans MS;\"><span style=\"font-size: small;\"><a title=\"Parapsic\u00f3logo\/Holoterapeuta CRT 37091\" href=\"..\/..\/produtos\/index.php?cate1_cod=60\" target=\"_blank\">Abra\u00e7os, paz e b\u00ean\u00e7\u00e3o<\/a><\/span><\/div>\n<div style=\"text-align: left; color: #274e13; font-family: Comic Sans MS;\"><span style=\"font-size: small;\"><a title=\"Parapsic\u00f3logo\/Holoterapeuta CRT 37091\" href=\"..\/..\/produtos\/index.php?cate1_cod=60\" target=\"_blank\">Eg\u00eddio Garcia Coelho<\/a><\/span><\/div>\n<div style=\"text-align: left; color: #274e13; font-family: Comic Sans MS;\"><span style=\"font-size: small;\"><br \/>\n<\/span><\/div>\n<div style=\"text-align: left; color: #274e13; font-family: Comic Sans MS;\"><span style=\"font-size: small;\">ERA DE AQUARIUS &#8211; Nova Era &#8211; AMOR e PAZ<\/span><\/div>\n<div style=\"text-align: left; color: #274e13; font-family: Comic Sans MS;\"><span style=\"font-size: small;\"><span id=\":191\" class=\"VrHWId\"> <\/span><\/span><\/div>\n<p style=\"text-align: left; color: #00ff00; font-family: Comic Sans MS;\">\n<table style=\"border: 2.25pt outset; text-align: left; margin-left: 0px; margin-right: auto; color: #00ff00; font-family: Comic Sans MS; height: 2003px;\" border=\"1\" cellspacing=\"40\" cellpadding=\"0\" width=\"451\">\n<tbody>\n<tr>\n<td style=\"padding: 3.75pt; background: #a63491 none repeat scroll 0% 0%;\" bgcolor=\"#a63491\">\n<p style=\"text-align: center;\" align=\"center\"><span style=\"font-size: small;\"> <\/span><\/p>\n<p style=\"text-align: center;\" align=\"center\"><a title=\"globovivo\" rel=\"lightbox[pics947]\" href=\"http:\/\/www.motivacao.org\/blog\/wp-content\/uploads\/2009\/02\/globovivo.gif\"><img decoding=\"async\" class=\"attachment wp-att-954 alignleft\" src=\"http:\/\/www.motivacao.org\/blog\/wp-content\/uploads\/2009\/02\/globovivo.gif\" alt=\"globovivo\" \/><\/a><\/p>\n<p style=\"text-align: center;\" align=\"center\"><span style=\"font-size: small;\"> <\/span><\/p>\n<p style=\"text-align: center;\" align=\"center\"><span style=\"font-size: small;\"> <\/span><\/p>\n<p style=\"margin: 0cm 0cm 0.0001pt; text-align: center;\" align=\"center\">\n<p style=\"margin: 0cm 0cm 0.0001pt; text-align: center;\" align=\"center\">\n<p style=\"margin: 0cm 0cm 0.0001pt; text-align: center;\" align=\"center\">\n<p style=\"margin: 0cm 0cm 0.0001pt; text-align: center;\" align=\"center\">\n<p style=\"margin: 0cm 0cm 0.0001pt; text-align: center;\" align=\"center\">\n<p style=\"margin: 0cm 0cm 0.0001pt; text-align: center;\" align=\"center\">\n<p style=\"margin: 0cm 0cm 0.0001pt; text-align: center;\" align=\"center\">\n<p style=\"margin: 0cm 0cm 0.0001pt; text-align: center;\" align=\"center\">\n<p style=\"margin: 0cm 0cm 0.0001pt; text-align: center;\" align=\"center\">\n<p style=\"margin: 0cm 0cm 0.0001pt; text-align: center;\" align=\"center\">\n<p style=\"margin: 0cm 0cm 0.0001pt; text-align: center;\" align=\"center\">\n<p style=\"margin: 0cm 0cm 0.0001pt; text-align: center;\" align=\"center\">\n<p style=\"margin: 0cm 0cm 0.0001pt; text-align: center;\" align=\"center\">\n<p style=\"margin: 0cm 0cm 0.0001pt; text-align: center;\" align=\"center\">\n<p style=\"margin: 0cm 0cm 0.0001pt; text-align: center;\" align=\"center\">\n<p style=\"margin: 0cm 0cm 0.0001pt; text-align: center;\" align=\"center\">\n<p style=\"margin: 0cm 0cm 0.0001pt; text-align: center;\" align=\"center\">\n<p style=\"margin: 0cm 0cm 0.0001pt; text-align: center;\" align=\"center\">\n<p style=\"margin: 0cm 0cm 0.0001pt; text-align: center;\" align=\"center\">\n<p style=\"margin: 0cm 0cm 0.0001pt; text-align: center;\" align=\"center\">\n<p style=\"margin: 0cm 0cm 0.0001pt; text-align: center;\" align=\"center\">\n<p style=\"margin: 0cm 0cm 0.0001pt; text-align: center;\" align=\"center\">\n<p style=\"margin: 0cm 0cm 0.0001pt; text-align: center;\" align=\"center\">\n<p style=\"margin: 0cm 0cm 0.0001pt; text-align: center;\" align=\"center\">\n<p style=\"margin: 0cm 0cm 0.0001pt; text-align: center;\" align=\"center\">\n<p style=\"margin: 0cm 0cm 0.0001pt; text-align: center;\" align=\"center\">\n<p style=\"margin: 0cm 0cm 0.0001pt; text-align: center;\" align=\"center\">\n<p style=\"margin: 0cm 0cm 0.0001pt; text-align: center;\" align=\"center\">\n<p style=\"margin: 0cm 0cm 0.0001pt; text-align: center;\" align=\"center\">\n<p style=\"margin: 0cm 0cm 0.0001pt; text-align: center;\" align=\"center\"><span style=\"font-size: small;\"><strong><strong>No amanhecer de 14 fev\/2009,\u00a0o Cosmos\u00a0encarna efetivamente o perfeito alinhamento para manifestar, com o nosso apoio coletivo, a manifesta\u00e7\u00e3o do Amor e da Paz e do alvorecer da Idade de Aqu\u00e1rio.<\/strong><\/strong><\/span><\/p>\n<p style=\"margin: 0cm 0cm 0.0001pt; text-align: center;\" align=\"center\"><span style=\"font-size: small;\"><strong><strong> <\/strong><\/strong><\/span><\/p>\n<p style=\"margin: 0cm 0cm 0.0001pt; text-align: center;\" align=\"center\"><span style=\"font-size: small;\"><strong><strong>O gr\u00e1fico de 14 fevereiro revela uma incr\u00edvel concentra\u00e7\u00e3o de influ\u00eancias c\u00f3smicas das energias de Aqu\u00e1rio na d\u00e9cima segunda casa.<\/strong><\/strong><\/span><\/p>\n<p style=\"margin: 0cm 0cm 0.0001pt; text-align: center;\" align=\"center\"><span style=\"font-size: small;\"><strong><strong> <\/strong><\/strong><\/span><\/p>\n<p style=\"margin: 0cm 0cm 0.0001pt; text-align: center;\" align=\"center\"><span style=\"font-size: small;\"><strong><strong>O expansivo J\u00fapiter e o Marte energ\u00e9tico estar\u00e3o alinhados com o prop\u00f3sito maior do N\u00f3dulo Norte.<\/strong><\/strong><\/span><\/p>\n<p style=\"margin: 0cm 0cm 0.0001pt; text-align: center;\" align=\"center\"><span style=\"font-size: small;\"><strong><strong> <\/strong><\/strong><\/span><\/p>\n<p style=\"margin: 0cm 0cm 0.0001pt; text-align: center;\" align=\"center\"><span style=\"font-size: small;\"><strong><strong>A presen\u00e7a de Quiron, o curandeiro ferido, nos oferece a oportunidade de curar aquilo que estava dividido e que nos manteve separado durante tanto tempo.<\/strong><\/strong><\/span><\/p>\n<p style=\"margin: 0cm 0cm 0.0001pt; text-align: center;\" align=\"center\"><span style=\"font-size: small;\"><strong><strong> <\/strong><\/strong><\/span><\/p>\n<p style=\"margin: 0cm 0cm 0.0001pt; text-align: center;\" align=\"center\"><span style=\"font-size: small;\"><strong><strong>Netuno enfatiza movimentos coletivos e humanit\u00e1rios de co-cria\u00e7\u00e3o de justi\u00e7a social. E a presen\u00e7a de um Sol radiante ilumina todo o alinhamento.<\/strong><\/strong><\/span><\/p>\n<p style=\"margin: 0cm 0cm 0.0001pt; text-align: center;\" align=\"center\"><span style=\"font-size: small;\"><strong><strong> <\/strong><\/strong><\/span><\/p>\n<p style=\"margin: 0cm 0cm 0.0001pt; text-align: center;\" align=\"center\"><span style=\"font-size: small;\"><strong><strong>Merc\u00fario tamb\u00e9m na d\u00e9cima segunda casa, mas apenas para al\u00e9m da c\u00faspide em Capric\u00f3rnio, aliados com Plut\u00e3o transformacional para comunicar e ancorar a mudan\u00e7a global ao longo das nossas estruturas e institui\u00e7\u00f5es.<\/strong><\/strong><\/span><\/p>\n<p style=\"margin: 0cm 0cm 0.0001pt; text-align: center;\" align=\"center\"><span style=\"font-size: small;\"><strong><strong> <\/strong><\/strong><\/span><\/p>\n<p style=\"margin: 0cm 0cm 0.0001pt; text-align: center;\" align=\"center\"><span style=\"font-size: small;\"><strong><strong>A Lua em Libra no s\u00e9tima casa enfatiza harmoniosa real-ationships (relacionamentos reais).<\/strong><\/strong><\/span><\/p>\n<p style=\"margin: 0cm 0cm 0.0001pt; text-align: center;\" align=\"center\"><span style=\"font-size: small;\"><strong><br \/>\n<strong> V\u00eanus em \u00c1ries na primeira casa energiza e d\u00e1 din\u00e2mica de co-criatividade.<\/strong><\/strong><\/span><\/p>\n<h4 style=\"text-align: center;\"><span style=\"font-size: small;\"><strong><strong> <\/strong><\/strong><\/span><\/h4>\n<p style=\"margin: 0cm 0cm 0.0001pt; text-align: center;\" align=\"center\"><span style=\"font-size: small;\"><strong><strong>E, embora Saturno, o grande mestre da tarefa, em oposi\u00e7\u00e3o a Urano, o inesperado que desperta, est\u00e1 sugerindo um confronto em curso com os res\u00edduos do insustent\u00e1vel velho paradigma, relutantemente, d\u00e1 lugar \u00e0 esperan\u00e7a de testar o novo, as suas coloca\u00e7\u00f5es em Virgem e Peixes trazem altru\u00edsmo pr\u00e1tico e vision\u00e1rio, inspira\u00e7\u00e3o para a transi\u00e7\u00e3o.<\/strong><\/strong><\/span><\/p>\n<p style=\"margin: 0cm 0cm 0.0001pt; text-align: center;\" align=\"center\"><span style=\"font-size: small;\"><strong><strong> <\/strong><\/strong><\/span><\/p>\n<p style=\"margin: 0cm 0cm 0.0001pt; text-align: center;\" align=\"center\"><span style=\"font-size: small;\"><strong><br \/>\n<strong> <\/strong><\/strong><strong><strong>\u00c0s 7:25 de 14 fevereiro \/2009 (04:25h no Brasil)\u00a0&#8211; e\u00a0durante os 18 minutos do alinhamento, convido-os, no cora\u00e7\u00e3o universal, para adicionarem a sua pr\u00f3pria inten\u00e7\u00e3o de amor e paz e para co-criarem o advento da Idade do Aqu\u00e1rio ao do Cosmos.<\/strong><\/strong><\/span><\/p>\n<h4 style=\"text-align: center;\"><span style=\"font-size: small;\"><strong><strong> <\/strong><\/strong><\/span><\/h4>\n<p style=\"margin: 0cm 0cm 0.0001pt; text-align: center;\" align=\"center\"><span style=\"font-size: small;\"><strong><strong>De qualquer forma, considere o hor\u00e1rio que for\u00a0adequado para voc\u00ea, voc\u00ea pode optar por alinhar \u00e0s 7.25am (UT) ou \u00e0s 7h25 do seu pr\u00f3prio hor\u00e1rio local, com energiza\u00e7\u00e3o de uma onda de inten\u00e7\u00e3o que ir\u00e1 circundar a Terra.<\/strong><\/strong><\/span><\/p>\n<p style=\"margin: 0cm 0cm 0.0001pt; text-align: center;\" align=\"center\"><span style=\"font-size: small;\"><strong><strong> <\/strong><\/strong><\/span><\/p>\n<p style=\"margin: 0cm 0cm 0.0001pt; text-align: center;\" align=\"center\"><span style=\"font-size: small;\"><strong><strong>Ap\u00f3s ter procurado mais de mil anos, n\u00e3o posso encontrar nenhum outro alinhamento no passado deste incr\u00edvel significado. Mas, surpreendentemente, em um momento no tempo quase cinquenta anos atr\u00e1s, vozes coletivas de nossos antepassados parecem ter percebido essa voz da energia c\u00f3smica das sementes na pr\u00f3xima Idade humana e do nascimento da Era de Aqu\u00e1rio. Em 1962, ao mesmo tempo e no mesmo dia, como em 2009, J\u00fapiter e Marte estavam em Aqu\u00e1rio na d\u00e9cima segunda casa, e a Lua na s\u00e9tima casa. Mas ent\u00e3o a incr\u00edvel concentra\u00e7\u00e3o de planetas que deveriam energizar o alinhamento, como em 2009, estava faltando.<\/strong><\/strong><\/span><\/p>\n<p style=\"margin: 0cm 0cm 0.0001pt; text-align: center;\" align=\"center\"><span style=\"font-size: small;\"><strong><strong> <\/strong><\/strong><\/span><\/p>\n<p style=\"margin: 0cm 0cm 0.0001pt; text-align: center;\" align=\"center\"><span style=\"font-size: small;\"><strong><strong>O que isto significa \u00e9 que j\u00e1 em 1962 era o chamado silencioso do n\u00f3dulo sul para o norte, que agora alinha com J\u00fapiter e Marte.<\/strong><\/strong><\/span><\/p>\n<p style=\"margin: 0cm 0cm 0.0001pt; text-align: center;\" align=\"center\"><span style=\"font-size: small;\"><strong><strong>O n\u00f3dulo sul representa aquilo que trazemos a partir do passado. Ent\u00e3o, em 1962, o potencial para n\u00f3s era o nascimento da Idade do Aqu\u00e1rio que veio atrav\u00e9s da nossa mem\u00f3ria coletiva, mas s\u00f3 agora somos capazes de manifestar plenamente sua finalidade maior. Em 1962 realizou-se essencialmente uma a\u00e7\u00e3o coletiva de &#8220;inspirar&#8221;, de come\u00e7ar a criar a possibilidade, e agora com o apoio do alinhamento c\u00f3smico Aquariano de 14 fevereiro 2009, somos capazes de &#8220;expirar&#8221;, de fazer com que isso aconte\u00e7a.<\/strong><\/strong><\/span><\/p>\n<p style=\"margin: 0cm 0cm 0.0001pt; text-align: center;\" align=\"center\"><span style=\"font-size: small;\"><strong><strong> <\/strong><\/strong><\/span><\/p>\n<p style=\"margin: 0cm 0cm 0.0001pt; text-align: center;\" align=\"center\"><span style=\"font-size: small;\"><strong><strong>E em vez do N\u00f3dulo do Norte (maior efeito) estar alinhado com J\u00fapiter e Marte, como o \u00e9 em 2009, estava na oposi\u00e7\u00e3o.<\/strong><\/strong><\/span><\/p>\n<p style=\"margin: 0cm 0cm 0.0001pt; text-align: center;\" align=\"center\"><span style=\"font-size: small;\"><strong><strong>( PAX NEWS )<\/strong><\/strong><\/span><\/p>\n<div>\n<h4 style=\"text-align: center;\"><span style=\"font-size: small;\"><strong> <\/strong><\/span><\/h4>\n<\/div>\n<h4 style=\"text-align: center;\"><a title=\"MapaAstral\" rel=\"lightbox[pics947]\" href=\"http:\/\/www.motivacao.org\/blog\/wp-content\/uploads\/2009\/02\/aquarius-mapaastral.gif\"><img decoding=\"async\" class=\"attachment wp-att-955 alignleft\" src=\"http:\/\/www.motivacao.org\/blog\/wp-content\/uploads\/2009\/02\/aquarius-mapaastral.gif\" alt=\"MapaAstral\" \/><\/a><\/h4>\n<h4 style=\"text-align: center;\"><span style=\"font-size: small;\"><em><strong><em>&#8220;When the Moon is in the seventh house<\/em><\/strong><\/em><em><br \/>\n<em> <\/em><em><em><em>And Jupiter aligns with Mars.<\/em><\/em><\/em><br \/>\n<em> <\/em><em><em><em>Then peace will guide the planets<\/em><\/em><\/em><br \/>\n<em> <\/em><em><em><em>And love will steer the stars &#8220;<\/em><\/em><\/em><br \/>\n<em><br \/>\n<\/em><\/em><strong><strong><em><em>&#8221; Quando a Lua estiver na s\u00e9tima Casa<\/em><\/em><\/strong><\/strong><em><br \/>\n<em> <\/em><strong><strong><em>E Jupiter se alinhar com Marte,<\/em><\/strong><\/strong><br \/>\n<em> <\/em><strong><strong><em>Ent\u00e3o a PAZ guiar\u00e1\u00a0os Planetas<\/em><\/strong><\/strong><br \/>\n<em> <\/em><strong><strong><em>E o AMOR varrer\u00e1 as\u00a0Estrelas &#8220;<\/em><\/strong><\/strong><\/em><em><em> <\/em><\/em><\/span><\/h4>\n<h4 style=\"text-align: center;\"><span style=\"font-size: small;\"><strong><em><em> <\/em><\/em><\/strong><\/span><\/h4>\n<h4 style=\"text-align: center;\"><span style=\"font-size: small;\"><strong> <\/strong><\/span><\/h4>\n<h4 style=\"text-align: center;\"><span style=\"font-size: small;\"><em><strong><em>Divulguem crian\u00e7as!<\/em><\/strong><\/em><\/span><\/h4>\n<h4 style=\"text-align: center;\"><span style=\"font-size: small;\"><em><strong><em>No alvorecer do dia 14\/02\/2009<\/em><\/strong><\/em><\/span><\/h4>\n<h4 style=\"text-align: center;\"><span style=\"font-size: small;\"><em><strong><em>vamos juntos \u00a0criar uma egr\u00e9gora de Luz, Paz e Amor.<\/em><\/strong><\/em><\/span><\/h4>\n<h4 style=\"text-align: center;\"><span style=\"font-size: small;\"><em><strong><em>A Era de Aquarius t\u00e3o esperada chegou!<\/em><\/strong><\/em><\/span><\/h4>\n<h4 style=\"text-align: center;\"><span style=\"font-size: small;\"><em><strong><em>no amor<\/em><\/strong><\/em><\/span><\/h4>\n<h4 style=\"text-align: center;\"><span style=\"font-size: small;\"><em><strong><em>EU SOU Walkyria<\/em><\/strong><\/em><\/span><\/h4>\n<\/td>\n<\/tr>\n<\/tbody>\n<\/table>\n<p style=\"color: #00ff00; font-family: Comic Sans MS;\">\n<p style=\"font-family: Comic Sans MS;\"><span style=\"font-size: small;\"><br style=\"color: #00ff00;\" \/> <\/span><\/p>\n<p><span style=\"font-size: small;\"><br style=\"font-family: Comic Sans MS;\" \/> <\/span><\/p>\n<p><span style=\"font-size: small;\"><br \/>\n<\/span><\/p>\n","protected":false},"excerpt":{"rendered":"<p>Alinhamento Aquariano de 14\/fev\/2009 Em pleno s\u00e9culo XXI a massa humana do nosso planeta ainda est\u00e1 influenciada por mentes racionais que pouco podem fazer por falta de sensibilidade diante desses fen\u00f4menos. No entando, dentro da vis\u00e3o hol\u00edstica que defendemos, sabemos&#8230;<a href=\"https:\/\/www.motivacao.org\/blog\/947\">Read More&#8230;<\/a><\/p>\n","protected":false},"author":1,"featured_media":0,"comment_status":"open","ping_status":"open","sticky":false,"template":"","format":"standard","meta":{"footnotes":""},"categories":[24,9,33,8],"tags":[1361,1364,120,1372,1376,1369,1363,1362,1366,869,1388,1368,1374,1373,1365,1367,1375,1381,1379,1061,360,1377,1380,1386,1387,1370,1378,1382,1383,1384,1371,1385],"class_list":["post-947","post","type-post","status-publish","format-standard","hentry","category-curiosidades","category-espiritual","category-oportunidade","category-outros-autores","tag-alinhamento","tag-alvorecer","tag-amor","tag-aries","tag-capricornio","tag-cosmos","tag-egregora","tag-era-de-aquarius","tag-estrelas","tag-estruturas","tag-instituicoes","tag-jupiter","tag-libra","tag-lua","tag-luz","tag-marte","tag-mercurio","tag-nodulo-norte","tag-netuno","tag-paz","tag-peixe","tag-plutao","tag-quiron","tag-real-ationships","tag-relacionamentos-reais","tag-saturno","tag-sol","tag-terra","tag-universal","tag-urano","tag-venus","tag-virgem"],"_links":{"self":[{"href":"https:\/\/www.motivacao.org\/blog\/wp-json\/wp\/v2\/posts\/947","targetHints":{"allow":["GET"]}}],"collection":[{"href":"https:\/\/www.motivacao.org\/blog\/wp-json\/wp\/v2\/posts"}],"about":[{"href":"https:\/\/www.motivacao.org\/blog\/wp-json\/wp\/v2\/types\/post"}],"author":[{"embeddable":true,"href":"https:\/\/www.motivacao.org\/blog\/wp-json\/wp\/v2\/users\/1"}],"replies":[{"embeddable":true,"href":"https:\/\/www.motivacao.org\/blog\/wp-json\/wp\/v2\/comments?post=947"}],"version-history":[{"count":7,"href":"https:\/\/www.motivacao.org\/blog\/wp-json\/wp\/v2\/posts\/947\/revisions"}],"predecessor-version":[{"id":949,"href":"https:\/\/www.motivacao.org\/blog\/wp-json\/wp\/v2\/posts\/947\/revisions\/949"}],"wp:attachment":[{"href":"https:\/\/www.motivacao.org\/blog\/wp-json\/wp\/v2\/media?parent=947"}],"wp:term":[{"taxonomy":"category","embeddable":true,"href":"https:\/\/www.motivacao.org\/blog\/wp-json\/wp\/v2\/categories?post=947"},{"taxonomy":"post_tag","embeddable":true,"href":"https:\/\/www.motivacao.org\/blog\/wp-json\/wp\/v2\/tags?post=947"}],"curies":[{"name":"wp","href":"https:\/\/api.w.org\/{rel}","templated":true}]}}