{"id":771,"date":"2009-01-15T11:45:45","date_gmt":"2009-01-15T14:45:45","guid":{"rendered":"http:\/\/www.motivacao.org\/blog\/?p=771"},"modified":"2009-01-15T16:14:24","modified_gmt":"2009-01-15T19:14:24","slug":"assim-nascem-as-flores","status":"publish","type":"post","link":"https:\/\/www.motivacao.org\/blog\/771","title":{"rendered":"Assim nascem as Flores."},"content":{"rendered":"<p class=\"MsoNormal\" style=\"margin-bottom: 0.0001pt; color: #274e13;\"><span style=\"font-size: medium;\"><a title=\"Terapeuta Online!\" href=\"..\/..\/produtos\/index.php?cate1_cod=60\" target=\"_blank\">Terapeuta Online\/Produtos Naturais\/Ensino a Dist\u00e2ncia\/Auto-ajuda<\/a><\/span><\/p>\n<p class=\"MsoNormal\" style=\"color: #274e13;\">Acabo de receber por e-mail esta mensagem e resolvi public\u00e1-la mesmo sem a autoriza\u00e7\u00e3o da signat\u00e1ria, tendo em vista, j\u00e1 estar circulando entre amigos e a um passo de ser transformada em SPAM, perdendo o seu imensur\u00e1vel valor&#8230;<\/p>\n<p class=\"MsoNormal\" style=\"color: #274e13;\">Minha esperan\u00e7a \u00e9 de que a inspira\u00e7\u00e3o desta m\u00e3e possa ser propagada, semeando nobres sentimentos e ensinamentos, colhidos em circunst\u00e2ncias que nos fazem refletir!<\/p>\n<p class=\"MsoNormal\" style=\"color: #274e13;\">Abra\u00e7os, paz e b\u00ean\u00e7\u00e3o<br \/>\nEg\u00eddio Garcia Coelho<br \/>\nParapsic\u00f3logo\/Holoterapeuta<br \/>\nCRT37091<\/p>\n<p class=\"MsoNormal\" style=\"color: #274e13;\"><strong>Assim nascem as Flores.<\/strong><\/p>\n<p class=\"MsoNormal\" style=\"color: #274e13;\">Sus pais Arno e Z\u00e9lia Nardini, ambos trabalhadores de uma malharia em Gaspar-SC, declaram que ele sempre foi um menino diferente e especial, at\u00e9 na forma como apareceu em suas vidas.<\/p>\n<p class=\"MsoNormal\" style=\"color: #274e13;\">&#8211; Na noite de22\/04\/2004, foi deixado na porta do casal, em uma caixa de papel\u00e3o, com um bilhete: &#8220;Cuide bem do meu anjinho e ele transformar\u00e1 sua vida&#8221;.<\/p>\n<p class=\"MsoNormal\" style=\"color: #274e13;\">Aqueles olhos de um azul profundo e aqueles cabelos encaracolados nos deixaram completamente apaixonados. E foi esta paix\u00e3o que fez com que o Juiz nos desse a guarda provis\u00f3ria e mais tarde a definitiva.<\/p>\n<p class=\"MsoNormal\" style=\"color: #274e13;\">Com pouco mais de oito meses deu seus primeiros passos. Quase morremos\u00a0 de susto quando descobrimos aos tr\u00eas anos e meio, que ele sabia ler.<\/p>\n<p class=\"MsoNormal\" style=\"color: #274e13;\">\u00c9 um menino diferente, afirma Arno. Ele diz coisas de gente grande.<\/p>\n<p class=\"MsoNormal\" style=\"color: #274e13;\">Tem verdadeira adora\u00e7\u00e3o por jardins e flores, sendo as rosas, as suas preferidas. Seus enormes olhos azuis parecem luzes intensas quando v\u00ea uma delas.<\/p>\n<p class=\"MsoNormal\" style=\"color: #274e13;\">\u00c9 apaixonado pelos avos, os pais do Arno, pois os meus pais j\u00e1 se foram, diz Z\u00e9lia. O interessante \u00e9 que nunca os chama de vov\u00f4 ou vov\u00f3.<\/p>\n<p class=\"MsoNormal\" style=\"color: #274e13;\">Sempre se refere aos dois como &#8220;as minhas florzinhas&#8221; e toda semana tem que visit\u00e1-los, pois com eles construiu um jardim, que tem banco, ilumina\u00e7\u00e3o e at\u00e9 uma placa de madeira entalhada pelo seu Jo\u00e3o, pai do Arno.<\/p>\n<p class=\"MsoNormal\" style=\"color: #274e13;\">Na tarde desta sexta feira , quando o pegamos na creche, notamos que estava euf\u00f3rico e queria por toda lei ir para casa dos av\u00f3s, pois disse que tr\u00eas rosas estavam para desabrochar e ele n\u00e3o podia deixar de ver. Tanto insistiu que apesar daquela chuva toda fomos no s\u00e1bado de manh\u00e3 lev\u00e1-lo para o s\u00edtio dos avos .<\/p>\n<p class=\"MsoNormal\" style=\"color: #274e13;\">Mal chegamos, ele disse pra mim e pro Arno, que dev\u00edamos voltar logo, pois estava chovendo e podia n\u00e3o dar tempo, pois ele iria ficar para ver as rosas abrindo. Insistiu tanto que assim fizemos, deixamos ele l\u00e1, para meu sogro trazer no domingo.<\/p>\n<p class=\"MsoNormal\" style=\"color: #274e13;\">Quando est\u00e1vamos saindo pela porta, ele pediu para n\u00e3o ficarmos tristes, por ele ficar com suas duas florzinhas e que um anjinho iria me dar uma florzinha tamb\u00e9m.<\/p>\n<p class=\"MsoNormal\" style=\"color: #274e13;\">Ao ver na TV, no domingo de manh\u00e3 os estragos causados pelos deslizamentos no morro do ba\u00fa e ver o estado em que ficou o s\u00edtio do meu sogro, entramos em desespero, mas n\u00e3o quer\u00edamos acreditar que o pior tivesse acontecido, mas a dura realidade nos fez acordar deste sonho ruim.<\/p>\n<p class=\"MsoNormal\" style=\"color: #274e13;\">As equipes de resgate encontraram abra\u00e7ados na lama do jardim, meu sogro, sogra e meu pequeno Thiago, juntos a um galho de roseira, que inexplicavelmente estava intacto, com tr\u00eas bot\u00f5es de rosa. Sob os corpos a placa entalhada pelo meu sogro, com os dizeres:<\/p>\n<p class=\"MsoNormal\" style=\"color: #274e13;\">&#8220;Renascemos de novo, do nada, da lama do lodo&#8221;.<\/p>\n<p class=\"MsoNormal\" style=\"color: #274e13;\">N\u00e3o resisti a tanta dor e fui levada ao hospital Santa Izabel e l\u00e1 depois de medicada, foi constatado que estou gr\u00e1vida. Da\u00ed entendi as palavras do meu Thiago quando nos despedimos, que um anjinho tamb\u00e9m me daria uma florzinha.<\/p>\n<p class=\"MsoNormal\" style=\"color: #274e13;\">Que a mensagem entalhada na placa do jardim do meu Thiago, seja o lema para todos aqueles que deixaram um peda\u00e7o de suas vidas sob os escombros desta trag\u00e9dia.<\/p>\n<p class=\"MsoNormal\" style=\"color: #274e13;\">Z\u00e9lia Nardini.<\/p>\n<p class=\"MsoNormal\" style=\"color: #274e13;\">\n<p><span style=\"font-size: medium;\"><span style=\"font-family: &quot;Comic Sans MS&quot;;\"><br \/>\n<\/span><span style=\"font-family: &quot;Comic Sans MS&quot;;\"><a title=\"Ficaremos imensamente gratos com sua visita!\" href=\"http:\/\/www.mentemestre.com.br\/\" target=\"_blank\">Terapeuta Online\/Produtos Naturais\/Ensino a Dist\u00e2ncia\/Auto-ajuda<\/a><\/span><\/span><br style=\"color: #274e13;\" \/><\/p>\n","protected":false},"excerpt":{"rendered":"<p>Terapeuta Online\/Produtos Naturais\/Ensino a Dist\u00e2ncia\/Auto-ajuda Acabo de receber por e-mail esta mensagem e resolvi public\u00e1-la mesmo sem a autoriza\u00e7\u00e3o da signat\u00e1ria, tendo em vista, j\u00e1 estar circulando entre amigos e a um passo de ser transformada em SPAM, perdendo o&#8230;<a href=\"https:\/\/www.motivacao.org\/blog\/771\">Read More&#8230;<\/a><\/p>\n","protected":false},"author":1,"featured_media":0,"comment_status":"open","ping_status":"open","sticky":false,"template":"","format":"standard","meta":{"footnotes":""},"categories":[5,9,8],"tags":[952,962,957,937,961,939,660,951,955,968,966,969,967,51,950,940,945,956,971,960,954,973,943,946,972,959,230,949,235,953,947,936,272,965,948,938,942,970,194,941,963,944,964,958],"class_list":["post-771","post","type-post","status-publish","format-standard","hentry","category-auto-ajuda","category-espiritual","category-outros-autores","tag-abracos","tag-anjinho","tag-arno","tag-autorizacao","tag-bilhete","tag-circulando","tag-circunstancias","tag-colhidos","tag-crt37091","tag-da-lama","tag-de-novo","tag-do-lodo","tag-do-nada","tag-egidio-garcia-coelho","tag-ensinamentos","tag-entre-amigos","tag-esperanca","tag-flores","tag-florzinha","tag-gaspar","tag-holoterapeuta","tag-hospital-santa-izabel","tag-imensuravel","tag-inspiracao","tag-jardim","tag-malharia","tag-mensagem","tag-nobres-sentimentos","tag-parapsicologo","tag-paz-e-bencao","tag-propagada","tag-publica-la","tag-refletir","tag-renascemos","tag-semeando","tag-signataria","tag-spam","tag-thiago","tag-trabalhadores","tag-transformada","tag-transformara","tag-valor","tag-vida","tag-zelia-nardini"],"_links":{"self":[{"href":"https:\/\/www.motivacao.org\/blog\/wp-json\/wp\/v2\/posts\/771","targetHints":{"allow":["GET"]}}],"collection":[{"href":"https:\/\/www.motivacao.org\/blog\/wp-json\/wp\/v2\/posts"}],"about":[{"href":"https:\/\/www.motivacao.org\/blog\/wp-json\/wp\/v2\/types\/post"}],"author":[{"embeddable":true,"href":"https:\/\/www.motivacao.org\/blog\/wp-json\/wp\/v2\/users\/1"}],"replies":[{"embeddable":true,"href":"https:\/\/www.motivacao.org\/blog\/wp-json\/wp\/v2\/comments?post=771"}],"version-history":[{"count":2,"href":"https:\/\/www.motivacao.org\/blog\/wp-json\/wp\/v2\/posts\/771\/revisions"}],"predecessor-version":[{"id":773,"href":"https:\/\/www.motivacao.org\/blog\/wp-json\/wp\/v2\/posts\/771\/revisions\/773"}],"wp:attachment":[{"href":"https:\/\/www.motivacao.org\/blog\/wp-json\/wp\/v2\/media?parent=771"}],"wp:term":[{"taxonomy":"category","embeddable":true,"href":"https:\/\/www.motivacao.org\/blog\/wp-json\/wp\/v2\/categories?post=771"},{"taxonomy":"post_tag","embeddable":true,"href":"https:\/\/www.motivacao.org\/blog\/wp-json\/wp\/v2\/tags?post=771"}],"curies":[{"name":"wp","href":"https:\/\/api.w.org\/{rel}","templated":true}]}}