{"id":6764,"date":"2018-02-17T19:54:17","date_gmt":"2018-02-17T21:54:17","guid":{"rendered":"http:\/\/www.motivacao.org\/blog\/?p=6764"},"modified":"2021-01-24T16:14:31","modified_gmt":"2021-01-24T18:14:31","slug":"torta-integral-de-banana","status":"publish","type":"post","link":"https:\/\/www.motivacao.org\/blog\/6764","title":{"rendered":"Torta Integral de Bananas"},"content":{"rendered":"<h4><\/h4>\n<pre><a href=\"http:\/\/www.holospa.com.br\/blog\/\"><img loading=\"lazy\" decoding=\"async\" class=\"alignnone  wp-image-6628\" src=\"http:\/\/www.motivacao.org\/blog\/wp-content\/uploads\/2009\/12\/LogoHoloSpa-1024x580.jpeg\" sizes=\"auto, (max-width: 363px) 100vw, 363px\" srcset=\"https:\/\/www.motivacao.org\/blog\/wp-content\/uploads\/2009\/12\/LogoHoloSpa-1024x580.jpeg 1024w, https:\/\/www.motivacao.org\/blog\/wp-content\/uploads\/2009\/12\/LogoHoloSpa-300x170.jpeg 300w, https:\/\/www.motivacao.org\/blog\/wp-content\/uploads\/2009\/12\/LogoHoloSpa.jpeg 1280w\" alt=\"\" width=\"363\" height=\"205\" \/><\/a><a href=\"https:\/\/valeencantado.eco.br\/\"><img loading=\"lazy\" decoding=\"async\" class=\"alignnone  wp-image-6850\" src=\"http:\/\/www.motivacao.org\/blog\/wp-content\/uploads\/2009\/01\/LogoRadioWeb.jpg\" sizes=\"auto, (max-width: 206px) 100vw, 206px\" srcset=\"https:\/\/www.motivacao.org\/blog\/wp-content\/uploads\/2009\/01\/LogoRadioWeb.jpg 700w, https:\/\/www.motivacao.org\/blog\/wp-content\/uploads\/2009\/01\/LogoRadioWeb-300x300.jpg 300w, https:\/\/www.motivacao.org\/blog\/wp-content\/uploads\/2009\/01\/LogoRadioWeb-150x150.jpg 150w\" alt=\"\" width=\"206\" height=\"206\" \/><\/a><\/pre>\n<pre><span style=\"color: #003300;\"><a style=\"color: #003300;\" href=\"https:\/\/valeencantado.eco.br\/contato\" target=\"_blank\" rel=\"noopener\"><img decoding=\"async\" class=\"alignleft\" title=\"Whatsapp\" src=\"https:\/\/s3-sa-east-1.amazonaws.com\/radiofacil-assets\/compressed\/img\/website\/social\/whatsapp.png?_t=27949253b57c4291faf9cdd8ca09b0fb\" alt=\"Whatsapp\" \/><\/a><a style=\"color: #003300;\" href=\"https:\/\/www.instagram.com\/egidioimmb\/\" target=\"_blank\" rel=\"noopener\"><img decoding=\"async\" class=\"alignright\" title=\"Instagram\" src=\"https:\/\/s3-sa-east-1.amazonaws.com\/radiofacil-assets\/compressed\/img\/website\/social\/instagram.png?_t=27949253b57c4291faf9cdd8ca09b0fb\" alt=\"Instagram\" \/><\/a><a style=\"color: #003300;\" href=\"https:\/\/twitter.com\/egidioimmb\" target=\"_blank\" rel=\"noopener\"><img decoding=\"async\" class=\"aligncenter\" title=\"Twitter\" src=\"https:\/\/s3-sa-east-1.amazonaws.com\/radiofacil-assets\/compressed\/img\/website\/social\/twitter.png?_t=27949253b57c4291faf9cdd8ca09b0fb\" alt=\"Twitter\" \/><\/a><\/span><\/pre>\n<h3 style=\"text-align: center;\"><span style=\"color: #003300;\">Torta Integral de Bananas<\/span><\/h3>\n<p><span style=\"color: #003300;\">Sempre que me inspiro para fazer uma torta, venho pra Internet buscar uma receita e nunca acerto a mesma.\u00a0<\/span><br \/>\n<span style=\"color: #003300;\">Encontro outra, mas tamb\u00e9m nunca segui a rigor, deixando que minha criatividade fa\u00e7a o complemento.<\/span><\/p>\n<p><span style=\"color: #003300;\">Hoje resolvi dar um passo a passo na torta que estou assando agora&#8230;<\/span><\/p>\n<p><span style=\"color: #003300;\"><strong>Ingredientes:<\/strong><\/span><br \/>\n<span style=\"color: #003300;\">2 Copos (180 ml) de trigo integral;<\/span><br \/>\n<span style=\"color: #003300;\">2 Copos (180 ml) de a\u00e7\u00facar Demerara Uni\u00e3o;<\/span><br \/>\n<span style=\"color: #003300;\">1 Colher de sopa de fermento (seco) de bolo;<\/span><\/p>\n<p><span style=\"color: #003300;\">4 Ovos batidos;<\/span><br \/>\n<span style=\"color: #003300;\">5 Colheres rasas de manteiga;<\/span><br \/>\n<span style=\"color: #003300;\">1 Copo (180 ml) de leite;<\/span><\/p>\n<p><span style=\"color: #003300;\">6 Bananas caturra grandes;<\/span><br \/>\n<span style=\"color: #003300;\">8 Bananas branca (prata) m\u00e9dias.<\/span><\/p>\n<p><span style=\"color: #003300;\"><strong>Modo de preparo:<br \/>\n<\/strong>1) Misturar os tr\u00eas primeiros ingredientes para fazer a farofa, ou seja, trigo, a\u00e7\u00facar e fermento na propor\u00e7\u00e3o indicada e deixar a parte.<\/span><br \/>\n<span style=\"color: #003300;\"><a style=\"color: #003300;\" href=\"http:\/\/www.motivacao.org\/blog\/wp-content\/uploads\/2018\/02\/01-Farofa.jpg\"><img loading=\"lazy\" decoding=\"async\" class=\"alignnone size-medium wp-image-6765\" src=\"http:\/\/www.motivacao.org\/blog\/wp-content\/uploads\/2018\/02\/01-Farofa-225x300.jpg\" alt=\"01 - Farofa\" width=\"225\" height=\"300\" srcset=\"https:\/\/www.motivacao.org\/blog\/wp-content\/uploads\/2018\/02\/01-Farofa-225x300.jpg 225w, https:\/\/www.motivacao.org\/blog\/wp-content\/uploads\/2018\/02\/01-Farofa-768x1024.jpg 768w\" sizes=\"auto, (max-width: 225px) 100vw, 225px\" \/><\/a><\/span><br \/>\n<span style=\"color: #003300;\">\u00a02) Bater 4 ovos e deixar a parte.<\/span><br \/>\n<span style=\"color: #003300;\"><a style=\"color: #003300;\" href=\"http:\/\/www.motivacao.org\/blog\/wp-content\/uploads\/2018\/02\/03-4-Ovos1.jpg\"><img loading=\"lazy\" decoding=\"async\" class=\"alignnone size-medium wp-image-6767\" src=\"http:\/\/www.motivacao.org\/blog\/wp-content\/uploads\/2018\/02\/03-4-Ovos1-225x300.jpg\" alt=\"03 - 4 Ovos\" width=\"225\" height=\"300\" srcset=\"https:\/\/www.motivacao.org\/blog\/wp-content\/uploads\/2018\/02\/03-4-Ovos1-225x300.jpg 225w, https:\/\/www.motivacao.org\/blog\/wp-content\/uploads\/2018\/02\/03-4-Ovos1-768x1024.jpg 768w\" sizes=\"auto, (max-width: 225px) 100vw, 225px\" \/><\/a><\/span><br \/>\n<span style=\"color: #003300;\">3) Em uma panela pequena, aquecer um pouco a manteiga com o leite na propor\u00e7\u00e3o indicada, somente at\u00e9 dissolver a manteiga.<\/span><br \/>\n<span style=\"color: #003300;\"><a style=\"color: #003300;\" href=\"http:\/\/www.motivacao.org\/blog\/wp-content\/uploads\/2018\/02\/02-Leite-e-Manteiga.jpg\"><img loading=\"lazy\" decoding=\"async\" class=\"alignnone size-medium wp-image-6768\" src=\"http:\/\/www.motivacao.org\/blog\/wp-content\/uploads\/2018\/02\/02-Leite-e-Manteiga-225x300.jpg\" alt=\"02 - Leite e Manteiga\" width=\"225\" height=\"300\" srcset=\"https:\/\/www.motivacao.org\/blog\/wp-content\/uploads\/2018\/02\/02-Leite-e-Manteiga-225x300.jpg 225w, https:\/\/www.motivacao.org\/blog\/wp-content\/uploads\/2018\/02\/02-Leite-e-Manteiga-768x1024.jpg 768w\" sizes=\"auto, (max-width: 225px) 100vw, 225px\" \/><\/a><\/span><br \/>\n<span style=\"color: #003300;\">4)\u00a0Juntar os ovos \u00e0 mistura morna de leite com manteiga e mexer bem.<\/span><br \/>\n<span style=\"color: #003300;\"><a style=\"color: #003300;\" href=\"http:\/\/www.motivacao.org\/blog\/wp-content\/uploads\/2018\/02\/04-LeiteManteigaOvos.jpg\"><img loading=\"lazy\" decoding=\"async\" class=\"alignnone size-medium wp-image-6769\" src=\"http:\/\/www.motivacao.org\/blog\/wp-content\/uploads\/2018\/02\/04-LeiteManteigaOvos-225x300.jpg\" alt=\"04 - LeiteManteigaOvos\" width=\"225\" height=\"300\" srcset=\"https:\/\/www.motivacao.org\/blog\/wp-content\/uploads\/2018\/02\/04-LeiteManteigaOvos-225x300.jpg 225w, https:\/\/www.motivacao.org\/blog\/wp-content\/uploads\/2018\/02\/04-LeiteManteigaOvos-768x1024.jpg 768w\" sizes=\"auto, (max-width: 225px) 100vw, 225px\" \/><br \/>\n<\/a>5) Untar a forma com manteiga, usando uma folha dobrada de papel toalha, conforme a foto.<\/span><\/p>\n<p><span style=\"color: #003300;\"><a style=\"color: #003300;\" href=\"http:\/\/www.motivacao.org\/blog\/wp-content\/uploads\/2018\/02\/05-ManteigaPapelToalha.jpg\"><img loading=\"lazy\" decoding=\"async\" class=\"alignnone size-medium wp-image-6770\" src=\"http:\/\/www.motivacao.org\/blog\/wp-content\/uploads\/2018\/02\/05-ManteigaPapelToalha-225x300.jpg\" alt=\"05 - ManteigaPapelToalha\" width=\"225\" height=\"300\" srcset=\"https:\/\/www.motivacao.org\/blog\/wp-content\/uploads\/2018\/02\/05-ManteigaPapelToalha-225x300.jpg 225w, https:\/\/www.motivacao.org\/blog\/wp-content\/uploads\/2018\/02\/05-ManteigaPapelToalha-768x1024.jpg 768w\" sizes=\"auto, (max-width: 225px) 100vw, 225px\" \/><\/a> <a style=\"color: #003300;\" href=\"http:\/\/www.motivacao.org\/blog\/wp-content\/uploads\/2018\/02\/06-FormaUntada.jpg\"><img loading=\"lazy\" decoding=\"async\" class=\"alignnone size-medium wp-image-6771\" src=\"http:\/\/www.motivacao.org\/blog\/wp-content\/uploads\/2018\/02\/06-FormaUntada-225x300.jpg\" alt=\"06 - FormaUntada\" width=\"225\" height=\"300\" srcset=\"https:\/\/www.motivacao.org\/blog\/wp-content\/uploads\/2018\/02\/06-FormaUntada-225x300.jpg 225w, https:\/\/www.motivacao.org\/blog\/wp-content\/uploads\/2018\/02\/06-FormaUntada-768x1024.jpg 768w\" sizes=\"auto, (max-width: 225px) 100vw, 225px\" \/><\/a><\/span><br \/>\n<span style=\"color: #003300;\">6) Jogar uma pequena por\u00e7\u00e3o de trigo sobre a manteiga que untou a forma e balan\u00e7ar para deixar tudo coberto de maneira uniforme, conforme a foto.<\/span><br \/>\n<span style=\"color: #003300;\"><a style=\"color: #003300;\" href=\"http:\/\/www.motivacao.org\/blog\/wp-content\/uploads\/2018\/02\/07-TrigoManteigaForma.jpg\"><img loading=\"lazy\" decoding=\"async\" class=\"alignnone size-medium wp-image-6772\" src=\"http:\/\/www.motivacao.org\/blog\/wp-content\/uploads\/2018\/02\/07-TrigoManteigaForma-225x300.jpg\" alt=\"07 - TrigoManteigaForma\" width=\"225\" height=\"300\" srcset=\"https:\/\/www.motivacao.org\/blog\/wp-content\/uploads\/2018\/02\/07-TrigoManteigaForma-225x300.jpg 225w, https:\/\/www.motivacao.org\/blog\/wp-content\/uploads\/2018\/02\/07-TrigoManteigaForma-768x1024.jpg 768w\" sizes=\"auto, (max-width: 225px) 100vw, 225px\" \/><\/a> <a style=\"color: #003300;\" href=\"http:\/\/www.motivacao.org\/blog\/wp-content\/uploads\/2018\/02\/08-TrigoSobreMnteiga.jpg\"><img loading=\"lazy\" decoding=\"async\" class=\"alignnone size-medium wp-image-6773\" src=\"http:\/\/www.motivacao.org\/blog\/wp-content\/uploads\/2018\/02\/08-TrigoSobreMnteiga-225x300.jpg\" alt=\"08 - TrigoSobreMnteiga\" width=\"225\" height=\"300\" srcset=\"https:\/\/www.motivacao.org\/blog\/wp-content\/uploads\/2018\/02\/08-TrigoSobreMnteiga-225x300.jpg 225w, https:\/\/www.motivacao.org\/blog\/wp-content\/uploads\/2018\/02\/08-TrigoSobreMnteiga-768x1024.jpg 768w\" sizes=\"auto, (max-width: 225px) 100vw, 225px\" \/><\/a><\/span><br \/>\n<span style=\"color: #003300;\">7) Colocar no fundo da forma uma fina camada de farofa.<\/span><br \/>\n<span style=\"color: #003300;\">8) Cortar as bananas na horizontal pelo meio e cobrir a farofa do fundo.<\/span><br \/>\n<span style=\"color: #003300;\"><a style=\"color: #003300;\" href=\"http:\/\/www.motivacao.org\/blog\/wp-content\/uploads\/2018\/02\/09-Primeira-CamadaBananas.jpg\"><img loading=\"lazy\" decoding=\"async\" class=\"alignnone size-medium wp-image-6774\" src=\"http:\/\/www.motivacao.org\/blog\/wp-content\/uploads\/2018\/02\/09-Primeira-CamadaBananas-225x300.jpg\" alt=\"09 - Primeira CamadaBananas\" width=\"225\" height=\"300\" srcset=\"https:\/\/www.motivacao.org\/blog\/wp-content\/uploads\/2018\/02\/09-Primeira-CamadaBananas-225x300.jpg 225w, https:\/\/www.motivacao.org\/blog\/wp-content\/uploads\/2018\/02\/09-Primeira-CamadaBananas-768x1024.jpg 768w\" sizes=\"auto, (max-width: 225px) 100vw, 225px\" \/><\/a> <\/span><br \/>\n<span style=\"color: #003300;\">9) Cobrir as bananas com uma fina camada de farofa.<\/span><br \/>\n<span style=\"color: #003300;\"><img loading=\"lazy\" decoding=\"async\" class=\"alignnone size-medium wp-image-6775\" src=\"http:\/\/www.motivacao.org\/blog\/wp-content\/uploads\/2018\/02\/10-Primeira-CoberturaFarofa-SobreBananas--225x300.jpg\" alt=\"10 - Primeira CoberturaFarofa SobreBananas\" width=\"225\" height=\"300\" srcset=\"https:\/\/www.motivacao.org\/blog\/wp-content\/uploads\/2018\/02\/10-Primeira-CoberturaFarofa-SobreBananas--225x300.jpg 225w, https:\/\/www.motivacao.org\/blog\/wp-content\/uploads\/2018\/02\/10-Primeira-CoberturaFarofa-SobreBananas--768x1024.jpg 768w\" sizes=\"auto, (max-width: 225px) 100vw, 225px\" \/><\/span><br \/>\n<span style=\"color: #003300;\">10) Despejar sobre a farofa um pouco da mistura de leite, ovos e manteiga, conforme a foto.<\/span><br \/>\n<span style=\"color: #003300;\"><a style=\"color: #003300;\" href=\"http:\/\/www.motivacao.org\/blog\/wp-content\/uploads\/2018\/02\/11-Primeira-CoberturaMistura-SobreFarofa.jpg\"><img loading=\"lazy\" decoding=\"async\" class=\"alignnone size-medium wp-image-6776\" src=\"http:\/\/www.motivacao.org\/blog\/wp-content\/uploads\/2018\/02\/11-Primeira-CoberturaMistura-SobreFarofa-225x300.jpg\" alt=\"11 - Primeira CoberturaMistura SobreFarofa\" width=\"225\" height=\"300\" srcset=\"https:\/\/www.motivacao.org\/blog\/wp-content\/uploads\/2018\/02\/11-Primeira-CoberturaMistura-SobreFarofa-225x300.jpg 225w, https:\/\/www.motivacao.org\/blog\/wp-content\/uploads\/2018\/02\/11-Primeira-CoberturaMistura-SobreFarofa-768x1024.jpg 768w\" sizes=\"auto, (max-width: 225px) 100vw, 225px\" \/><br \/>\n<\/a>11) Outra camada fina de farofa sobre a mistura de leite, ovos e manteiga.<\/span><br \/>\n<span style=\"color: #003300;\"><a style=\"color: #003300;\" href=\"http:\/\/www.motivacao.org\/blog\/wp-content\/uploads\/2018\/02\/12-Segunda-CoberturaFarofa-SobreMistura.jpg\"><img loading=\"lazy\" decoding=\"async\" class=\"alignnone size-medium wp-image-6777\" src=\"http:\/\/www.motivacao.org\/blog\/wp-content\/uploads\/2018\/02\/12-Segunda-CoberturaFarofa-SobreMistura-225x300.jpg\" alt=\"12 - Segunda CoberturaFarofa SobreMistura\" width=\"225\" height=\"300\" srcset=\"https:\/\/www.motivacao.org\/blog\/wp-content\/uploads\/2018\/02\/12-Segunda-CoberturaFarofa-SobreMistura-225x300.jpg 225w, https:\/\/www.motivacao.org\/blog\/wp-content\/uploads\/2018\/02\/12-Segunda-CoberturaFarofa-SobreMistura-768x1024.jpg 768w\" sizes=\"auto, (max-width: 225px) 100vw, 225px\" \/><\/a><\/span><br \/>\n<span style=\"color: #003300;\">12) Cortar mais bananas, fazendo uma segunda\u00a0camada sobre a farofa.<img loading=\"lazy\" decoding=\"async\" class=\"alignnone size-medium wp-image-6778\" src=\"http:\/\/www.motivacao.org\/blog\/wp-content\/uploads\/2018\/02\/13-Terceira-CoberturaFarofa-SobreBananas--225x300.jpg\" alt=\"13 - Terceira CoberturaFarofa SobreBananas\" width=\"225\" height=\"300\" srcset=\"https:\/\/www.motivacao.org\/blog\/wp-content\/uploads\/2018\/02\/13-Terceira-CoberturaFarofa-SobreBananas--225x300.jpg 225w, https:\/\/www.motivacao.org\/blog\/wp-content\/uploads\/2018\/02\/13-Terceira-CoberturaFarofa-SobreBananas--768x1024.jpg 768w\" sizes=\"auto, (max-width: 225px) 100vw, 225px\" \/><\/span><br \/>\n<span style=\"color: #003300;\">13) Cobrir tudo com a farofa, deixando uma pequena por\u00e7\u00e3o para o acabamento.<\/span><br \/>\n<span style=\"color: #003300;\">14) Despejar o restante da mistura de leite, ovos e manteiga sobre tudo e nivelar bem, fazendo com que haja uma distribui\u00e7\u00e3o parelha.<\/span><br \/>\n<span style=\"color: #003300;\">15) Pulverizar tudo com o restante da farofa, podendo acrescentar um pouco de canela por cima de tudo.<\/span><br \/>\n<span style=\"color: #003300;\"><a style=\"color: #003300;\" href=\"http:\/\/www.motivacao.org\/blog\/wp-content\/uploads\/2018\/02\/14-AcabamentoFinal-Sobresegunda-CamadaBananas-CobertasMisturaFarofa.jpg\"><img loading=\"lazy\" decoding=\"async\" class=\"alignnone size-medium wp-image-6779\" src=\"http:\/\/www.motivacao.org\/blog\/wp-content\/uploads\/2018\/02\/14-AcabamentoFinal-Sobresegunda-CamadaBananas-CobertasMisturaFarofa-225x300.jpg\" alt=\"14- AcabamentoFinal Sobresegunda CamadaBananas CobertasMisturaFarofa\" width=\"225\" height=\"300\" srcset=\"https:\/\/www.motivacao.org\/blog\/wp-content\/uploads\/2018\/02\/14-AcabamentoFinal-Sobresegunda-CamadaBananas-CobertasMisturaFarofa-225x300.jpg 225w, https:\/\/www.motivacao.org\/blog\/wp-content\/uploads\/2018\/02\/14-AcabamentoFinal-Sobresegunda-CamadaBananas-CobertasMisturaFarofa-768x1024.jpg 768w\" sizes=\"auto, (max-width: 225px) 100vw, 225px\" \/><br \/>\n<\/a>16) Levar ao forno pre aquecido com temperatura de 200 graus e deixar por 40 minutos assando por cima e por baixo.<\/span><br \/>\n<span style=\"color: #003300;\">17) Acrescentar 20 minutos, assando somente por baixo e est\u00e1 pronto!<\/span><br \/>\n<span style=\"color: #003300;\"><a style=\"color: #003300;\" href=\"http:\/\/www.motivacao.org\/blog\/wp-content\/uploads\/2018\/02\/15-TortaPronta-60MinutosForno.jpg\"><img loading=\"lazy\" decoding=\"async\" class=\"alignnone size-medium wp-image-6780\" src=\"http:\/\/www.motivacao.org\/blog\/wp-content\/uploads\/2018\/02\/15-TortaPronta-60MinutosForno-300x225.jpg\" alt=\"15 - TortaPronta 60MinutosForno\" width=\"300\" height=\"225\" srcset=\"https:\/\/www.motivacao.org\/blog\/wp-content\/uploads\/2018\/02\/15-TortaPronta-60MinutosForno-300x225.jpg 300w, https:\/\/www.motivacao.org\/blog\/wp-content\/uploads\/2018\/02\/15-TortaPronta-60MinutosForno-1024x768.jpg 1024w\" sizes=\"auto, (max-width: 300px) 100vw, 300px\" \/><\/a><\/span><\/p>\n<p><span style=\"color: #003300;\"><strong>Obs.<\/strong> Nesta receita usei dois tipos de bananas, chegando a 14, no entanto, pode variar, conforme disponibilidade. Meu forno \u00e9 Brit\u00e2nia e cada marca, pode oscilar no valor nominal das temperaturas e assim, deve ajustar na pr\u00e1tica a temperatura do seu forno, entre 180 e 200 graus.<\/span><br \/>\n<span style=\"color: #003300;\">Nem todos os fornos disp\u00f5es de resist\u00eancia superior e inferior para assar e por isso, tenho que me limitar a mostrar o que sei fazer no equipamento que tenho e na pr\u00e1tica, cheguei a perceber que para cozinhar melhor sem queimar a superf\u00edcie, os \u00faltimos 20 minutos, deixo somente com as resist\u00eancias inferiores ligadas.<\/span><\/p>\n<p><span style=\"color: #003300;\"><strong>Aqui est\u00e1 o resultados que alcancei, enquanto digitava esta receita:<\/strong><\/span><br \/>\n<span style=\"color: #003300;\"><a style=\"color: #003300;\" href=\"http:\/\/www.motivacao.org\/blog\/wp-content\/uploads\/2018\/02\/16-TortaEsfriando.jpg\"><img loading=\"lazy\" decoding=\"async\" class=\"alignnone size-medium wp-image-6781\" src=\"http:\/\/www.motivacao.org\/blog\/wp-content\/uploads\/2018\/02\/16-TortaEsfriando-300x225.jpg\" alt=\"16 - TortaEsfriando\" width=\"300\" height=\"225\" srcset=\"https:\/\/www.motivacao.org\/blog\/wp-content\/uploads\/2018\/02\/16-TortaEsfriando-300x225.jpg 300w, https:\/\/www.motivacao.org\/blog\/wp-content\/uploads\/2018\/02\/16-TortaEsfriando-1024x768.jpg 1024w\" sizes=\"auto, (max-width: 300px) 100vw, 300px\" \/><\/a> <a style=\"color: #003300;\" href=\"http:\/\/www.motivacao.org\/blog\/wp-content\/uploads\/2018\/02\/17-TortaPronta-Consumo.jpeg\"><img loading=\"lazy\" decoding=\"async\" class=\"alignnone size-medium wp-image-6782\" src=\"http:\/\/www.motivacao.org\/blog\/wp-content\/uploads\/2018\/02\/17-TortaPronta-Consumo-300x225.jpeg\" alt=\"17 - TortaPronta Consumo\" width=\"300\" height=\"225\" srcset=\"https:\/\/www.motivacao.org\/blog\/wp-content\/uploads\/2018\/02\/17-TortaPronta-Consumo-300x225.jpeg 300w, https:\/\/www.motivacao.org\/blog\/wp-content\/uploads\/2018\/02\/17-TortaPronta-Consumo-1024x768.jpeg 1024w, https:\/\/www.motivacao.org\/blog\/wp-content\/uploads\/2018\/02\/17-TortaPronta-Consumo.jpeg 1280w\" sizes=\"auto, (max-width: 300px) 100vw, 300px\" \/><\/a><\/span><\/p>\n","protected":false},"excerpt":{"rendered":"<p>Torta Integral de Bananas Sempre que me inspiro para fazer uma torta, venho pra Internet buscar uma receita e nunca acerto a mesma.\u00a0 Encontro outra, mas tamb\u00e9m nunca segui a rigor, deixando que minha criatividade fa\u00e7a o complemento. Hoje resolvi&#8230;<a href=\"https:\/\/www.motivacao.org\/blog\/6764\">Read More&#8230;<\/a><\/p>\n","protected":false},"author":1,"featured_media":0,"comment_status":"open","ping_status":"open","sticky":false,"template":"","format":"standard","meta":{"footnotes":""},"categories":[24,239,33],"tags":[13448],"class_list":["post-6764","post","type-post","status-publish","format-standard","hentry","category-curiosidades","category-mensagens","category-oportunidade","tag-torta-integral-de-banana"],"_links":{"self":[{"href":"https:\/\/www.motivacao.org\/blog\/wp-json\/wp\/v2\/posts\/6764","targetHints":{"allow":["GET"]}}],"collection":[{"href":"https:\/\/www.motivacao.org\/blog\/wp-json\/wp\/v2\/posts"}],"about":[{"href":"https:\/\/www.motivacao.org\/blog\/wp-json\/wp\/v2\/types\/post"}],"author":[{"embeddable":true,"href":"https:\/\/www.motivacao.org\/blog\/wp-json\/wp\/v2\/users\/1"}],"replies":[{"embeddable":true,"href":"https:\/\/www.motivacao.org\/blog\/wp-json\/wp\/v2\/comments?post=6764"}],"version-history":[{"count":8,"href":"https:\/\/www.motivacao.org\/blog\/wp-json\/wp\/v2\/posts\/6764\/revisions"}],"predecessor-version":[{"id":6861,"href":"https:\/\/www.motivacao.org\/blog\/wp-json\/wp\/v2\/posts\/6764\/revisions\/6861"}],"wp:attachment":[{"href":"https:\/\/www.motivacao.org\/blog\/wp-json\/wp\/v2\/media?parent=6764"}],"wp:term":[{"taxonomy":"category","embeddable":true,"href":"https:\/\/www.motivacao.org\/blog\/wp-json\/wp\/v2\/categories?post=6764"},{"taxonomy":"post_tag","embeddable":true,"href":"https:\/\/www.motivacao.org\/blog\/wp-json\/wp\/v2\/tags?post=6764"}],"curies":[{"name":"wp","href":"https:\/\/api.w.org\/{rel}","templated":true}]}}