{"id":6709,"date":"2017-12-26T15:26:02","date_gmt":"2017-12-26T17:26:02","guid":{"rendered":"http:\/\/www.motivacao.org\/blog\/?p=6709"},"modified":"2017-12-26T16:17:52","modified_gmt":"2017-12-26T18:17:52","slug":"volta-ao-mundo-970-19-12-2017","status":"publish","type":"post","link":"https:\/\/www.motivacao.org\/blog\/6709","title":{"rendered":"Volta ao Mundo \u2013 970 \u2013 19.12.2017"},"content":{"rendered":"<p style=\"text-align: center;\"><span style=\"color: #003300;\"><strong>R\u00e1dio Web Vale Encantado<\/strong><\/span><br \/>\n<span style=\"color: #003300;\"><a style=\"color: #003300;\" href=\"http:\/\/www.valeencantado.eco.br\/\" target=\"_blank\"><img loading=\"lazy\" decoding=\"async\" class=\"  wp-image-6704 aligncenter\" src=\"http:\/\/www.motivacao.org\/blog\/wp-content\/uploads\/2017\/12\/RadioWebNovaCapa-300x114.png\" alt=\"RadioWebNovaCapa\" width=\"534\" height=\"203\" srcset=\"https:\/\/www.motivacao.org\/blog\/wp-content\/uploads\/2017\/12\/RadioWebNovaCapa-300x114.png 300w, https:\/\/www.motivacao.org\/blog\/wp-content\/uploads\/2017\/12\/RadioWebNovaCapa.png 820w\" sizes=\"auto, (max-width: 534px) 100vw, 534px\" \/><\/a><\/span><\/p>\n<div id=\"content\">\n<div id=\"nav\">\n<div id=\"player\" class=\"bg-gray\">\n<div class=\"rf-player player-1 \">\n<div class=\"rf-width-control\">\n<div class=\"rf-padding-control\">\n<div class=\"rf-player-container\">\n<div id=\"rf-player-container\">\n<div class=\"rf-player-background\"><span style=\"color: #003300;\"><span class=\"social-item\"><a style=\"color: #003300;\" href=\"https:\/\/www.facebook.com\/egidiogarcia.coelho\" target=\"_blank\" rel=\"nofollow\"><img decoding=\"async\" title=\"Facebook\" src=\"https:\/\/s3-sa-east-1.amazonaws.com\/radiofacil-assets\/compressed\/img\/website\/social\/facebook.png?_t=27949253b57c4291faf9cdd8ca09b0fb\" alt=\"Facebook\" \/><\/a><\/span><span class=\"social-item\"><a style=\"color: #003300;\" href=\"https:\/\/plus.google.com\/+EgidioGarciaCoelho\" target=\"_blank\" rel=\"nofollow\"><img decoding=\"async\" title=\"Google+\" src=\"https:\/\/s3-sa-east-1.amazonaws.com\/radiofacil-assets\/compressed\/img\/website\/social\/googleplus.png?_t=27949253b57c4291faf9cdd8ca09b0fb\" alt=\"Google+\" \/><\/a><\/span><span class=\"social-item\"><a style=\"color: #003300;\" href=\"https:\/\/www.instagram.com\/egidioimmb\/\" target=\"_blank\" rel=\"nofollow\"><img decoding=\"async\" title=\"Instagram\" src=\"https:\/\/s3-sa-east-1.amazonaws.com\/radiofacil-assets\/compressed\/img\/website\/social\/instagram.png?_t=27949253b57c4291faf9cdd8ca09b0fb\" alt=\"Instagram\" \/><\/a><\/span><span class=\"social-item\"><a style=\"color: #003300;\" href=\"https:\/\/twitter.com\/egidioimmb\" target=\"_blank\" rel=\"nofollow\"><img decoding=\"async\" title=\"Twitter\" src=\"https:\/\/s3-sa-east-1.amazonaws.com\/radiofacil-assets\/compressed\/img\/website\/social\/twitter.png?_t=27949253b57c4291faf9cdd8ca09b0fb\" alt=\"Twitter\" \/><\/a><\/span><span class=\"social-item\"><a style=\"color: #003300;\" href=\"http:\/\/radiowebimmb.com.br\/contato\/\" target=\"_blank\" rel=\"nofollow\"><img decoding=\"async\" title=\"Whatsapp\" src=\"https:\/\/s3-sa-east-1.amazonaws.com\/radiofacil-assets\/compressed\/img\/website\/social\/whatsapp.png?_t=27949253b57c4291faf9cdd8ca09b0fb\" alt=\"Whatsapp\" \/><\/a><\/span><span class=\"social-item\"><a style=\"color: #003300;\" href=\"https:\/\/www.youtube.com\/user\/egidioimmb\" target=\"_blank\" rel=\"nofollow\"><img decoding=\"async\" title=\"Youtube\" src=\"https:\/\/s3-sa-east-1.amazonaws.com\/radiofacil-assets\/compressed\/img\/website\/social\/youtube.png?_t=27949253b57c4291faf9cdd8ca09b0fb\" alt=\"Youtube\" \/><\/a><\/span><\/span><\/div>\n<\/div>\n<\/div>\n<\/div>\n<\/div>\n<\/div>\n<\/div>\n<\/div>\n<\/div>\n<p style=\"text-align: center;\"><span style=\"font-size: large; color: #003300;\"><b>VOLTA AO MUNDO<\/b><\/span><\/p>\n<p class=\"western\" align=\"center\"><span style=\"font-size: large; color: #003300;\"><b>Nelci Seibel<br \/>\n<\/b><\/span><span style=\"color: #003300;\">Membro da Academia Joinvilense de Letras e<br \/>\n<\/span><span style=\"color: #003300;\">da Academia de Letras e Artes de S\u00e3o Francisco do Sul<\/span><\/p>\n<p class=\"western\"><span style=\"font-size: large; color: #003300;\"><b>Natal e Ano Novo de Esperan\u00e7a<\/b><\/span><\/p>\n<p class=\"western\"><span style=\"font-size: large; color: #003300;\">Para os leitores que est\u00e3o conosco semana a semana, o ano inteiro, desejamos um Feliz Natal e um \u00f3timo in\u00edcio de 2018. Muita esperan\u00e7a, mais qualidade de vida, mais afei\u00e7\u00e3o entre as pessoas, mais alegrias, mais empregos, e passos largos para um Brasil renovado, s\u00e3o os nossos votos. At\u00e9 o ano que vem!<br \/>\n<img loading=\"lazy\" decoding=\"async\" class=\"  wp-image-6711 aligncenter\" src=\"http:\/\/www.motivacao.org\/blog\/wp-content\/uploads\/2017\/12\/9701-300x188.jpg\" alt=\"9701\" width=\"413\" height=\"259\" srcset=\"https:\/\/www.motivacao.org\/blog\/wp-content\/uploads\/2017\/12\/9701-300x188.jpg 300w, https:\/\/www.motivacao.org\/blog\/wp-content\/uploads\/2017\/12\/9701.jpg 400w\" sizes=\"auto, (max-width: 413px) 100vw, 413px\" \/> <\/span><\/p>\n<p class=\"western\" align=\"center\"><span style=\"font-size: large; color: #003300;\"><b>Restaurantes e hot\u00e9is de Joinville e regi\u00e3o<br \/>\n<\/b><\/span><span style=\"font-size: large; color: #003300;\"><b>atendem nas festas de fim de ano<\/b><\/span><\/p>\n<p class=\"western\" style=\"text-align: left;\" align=\"center\"><span style=\"color: #003300;\"><span style=\"font-size: large;\">O p\u00fablico que optar por passar as festas de Natal e Ano Novo em Joinville e regi\u00e3o, encontrar\u00e1 diversas op\u00e7\u00f5es de almo\u00e7o, jantar e ceia nos restaurantes e hot\u00e9is associados ao VivaBem \u2013 Sindicato de Hot\u00e9is, Restaurantes, Bares e Similares de Joinville e Regi\u00e3o. Para quem valoriza as tradi\u00e7\u00f5es, mas tamb\u00e9m procura praticidade pode encomendar os pratos da ceia de Natal em v\u00e1rios restaurantes, como o Terroir Gastronomia, a Rotisserie Romi e o Assados Mr. Brasa. J\u00e1 para os que preferem celebrar a noite de Natal, 24 de dezembro, em um ambiente diferente, com menu customizado, \u00e9 poss\u00edvel escolher entre o restaurante Panor\u00e2mico Weinhof, no hotel Tannenhof, o Restaurante e Pizzaria do Nego e a Trattoria Coral, anexa ao Condom\u00ednio Empresarial Perini Business Park. Nos tr\u00eas estabelecimentos, \u00e9 necess\u00e1rio efetuar reserva com anteced\u00eancia. Da mesma forma h\u00e1 excelentes sugest\u00f5es para o Reveillon. O cronograma completo, com datas e hor\u00e1rios de atendimentos dos hot\u00e9is e restaurantes associados ao VivaBem, durante o per\u00edodo das festas de fim de ano, est\u00e1 dispon\u00edvel no site: <\/span><a style=\"color: #003300;\" href=\"http:\/\/www.vivabemaqui.com.br\"><span style=\"font-size: large;\"><u>www.vivabemaqui.com.br<\/u><\/span><\/a><span style=\"font-size: large;\">. <\/span><\/span><\/p>\n<p class=\"western\"><span style=\"font-size: large; color: #003300;\"><b>De onde vem o Papai Noel?<\/b><\/span><\/p>\n<p class=\"western\"><span style=\"color: #003300;\"><img loading=\"lazy\" decoding=\"async\" class=\"size-medium wp-image-6715 aligncenter\" src=\"http:\/\/www.motivacao.org\/blog\/wp-content\/uploads\/2017\/12\/img2-300x232.png\" alt=\"img2\" width=\"300\" height=\"232\" srcset=\"https:\/\/www.motivacao.org\/blog\/wp-content\/uploads\/2017\/12\/img2-300x232.png 300w, https:\/\/www.motivacao.org\/blog\/wp-content\/uploads\/2017\/12\/img2.png 444w\" sizes=\"auto, (max-width: 300px) 100vw, 300px\" \/>Imagem da Lap\u00f4nia, na Finl\u00e2ndia, terra do Papai Noel<\/span><\/p>\n<p class=\"western\"><span style=\"font-size: large; color: #003300;\">H\u00e1 dezenas de lendas sobre o bondoso velhinho que costuma levar presentes de Natal para as crian\u00e7as que foram obedientes durante o ano. Papai Noel \u00e9 inspirado em S\u00e3o Nicolau, um arcebispo que costumava ajudar, anonimamente, quem estivesse em dificuldades financeiras na Turquia do s\u00e9culo IV. Ele tinha o costume de colocar um saco com moedas de ouro na chamin\u00e9 das casas. O endere\u00e7o mais comum do Papai Noel \u00e9 o Polo Norte, difundido pela cultura norte americana. J\u00e1 nos pa\u00edses europeus a lenda diz que sua casa fica nas montanhas da Lap\u00f4nia, na Finl\u00e2ndia. A escritora brasileira, Zia Stuhaug vive h\u00e1 dez anos na Noruega, e lan\u00e7ou o livro \u201cAnjo Russo\u201d, que cont\u00e9m cenas de Rovaniemi, lugar exato onde fica o escrit\u00f3rio do bom velhinho. Saiba mais em: (11) 2275-6787.<br \/>\n<\/span><\/p>\n<p class=\"western\"><span style=\"font-size: large; color: #003300;\"><b>F\u00f3rum Gramado de Estudos Tur\u00edsticos<\/b><\/span><\/p>\n<p class=\"western\"><span style=\"font-size: large; color: #003300;\"><b><img loading=\"lazy\" decoding=\"async\" class=\"wp-image-6716 aligncenter\" src=\"http:\/\/www.motivacao.org\/blog\/wp-content\/uploads\/2017\/12\/img3-300x197.png\" alt=\"img3\" width=\"316\" height=\"207\" srcset=\"https:\/\/www.motivacao.org\/blog\/wp-content\/uploads\/2017\/12\/img3-300x197.png 300w, https:\/\/www.motivacao.org\/blog\/wp-content\/uploads\/2017\/12\/img3.png 466w\" sizes=\"auto, (max-width: 316px) 100vw, 316px\" \/> <\/b><\/span><span style=\"color: #003300;\">Lago Negro, um dos atrativos de Gramado<\/span><\/p>\n<p class=\"western\"><span style=\"color: #003300;\"><a style=\"color: #003300;\" name=\"_GoBack\"><\/a> <span style=\"font-size: large;\">Conhecida como um dos principais polos do turismo brasileiro e ber\u00e7o do<\/span><b> <\/b><span style=\"font-size: large;\">FESTURIS<\/span><span style=\"font-size: large;\">, Gramado tamb\u00e9m quer fazer hist\u00f3ria na vanguarda de estudos sobre a ind\u00fastria do Turismo. \u00c9 o que prop\u00f5e o F\u00f3rum Gramado de Estudos Tur\u00edsticos, marcado para <\/span><span style=\"font-size: large;\">12 a 14 de abril de 2018<\/span><span style=\"font-size: large;\">, realiza\u00e7\u00e3o do <\/span><span style=\"font-size: large;\">SindTur Serra Ga\u00facha<\/span><span style=\"font-size: large;\">, com o apoio da <\/span><span style=\"font-size: large;\">Prefeitura <\/span><span style=\"font-size: large;\">e <\/span><span style=\"font-size: large;\">C\u00e2mara de Vereadores de Gramado<\/span><span style=\"font-size: large;\">. O foco central do encontro \u00e9 o turismo como ci\u00eancia a servi\u00e7o do desenvolvimento sustent\u00e1vel do Pa\u00eds. O F\u00f3rum Gramado envolver\u00e1 tr\u00eas eixos b\u00e1sicos: <\/span><span style=\"font-size: large;\">Desenvolvimento Sustent\u00e1vel, Entretenimento, Legisla\u00e7\u00e3o e Destino Tur\u00edstico<\/span><span style=\"font-size: large;\">. O F\u00f3rum Gramado vem recebendo apoios dentro e fora do Rio Grande do Sul. O governador do Estado, Jos\u00e9 Ivo Sartori, e o Secret\u00e1rio de Turismo, Victor Hugo, j\u00e1 garantiram presen\u00e7a no evento, e o lan\u00e7amento ficou pr\u00e9-agendado para depois do Carnaval \u2013 entre 18 e 20 de fevereiro \u2013 no Galp\u00e3o Crioulo do Pal\u00e1cio Piratini. O ministro do Turismo Max Beltr\u00e3o, tamb\u00e9m que estar\u00e1 presente. Palestrantes de primeira linha, brasileiros e estrangeiros far\u00e3o as palestras. A organiza\u00e7\u00e3o do F\u00f3rum \u00e9 de Rossi &amp; Zorzanello Feiras e Empreendimentos, empresa que criou e realiza o\u00a0<\/span><span style=\"font-size: large;\">FESTURIS &#8211; Feira Internacional de Turismo de Gramado<\/span><span style=\"font-size: large;\">, evento que completa 30 anos de sucesso em 2018.<\/span><\/span><\/p>\n<p><span style=\"font-size: large; color: #003300;\"><b>Marta Rossi \u00e9 homenageada<\/b><\/span><\/p>\n<p class=\"western\"><span style=\"color: #003300;\"><span style=\"font-size: large;\">Ocorreu no dia 1\u00ba de dezembro, cerim\u00f4nia em comemora\u00e7\u00e3o aos 50 anos da Universidade de Caxias do Sul (UCS). V\u00e1rias personalidades foram homenageadas no Sal\u00e3o de Atos da Reitoria da UCS, entre estas a empres\u00e1ria Marta Rossi. Ela \u00e9 diretora\/fundadora da empresa Rossi &amp; Zorzanello de Gramado. Entre os projetos pr\u00f3prios, idealizou e realiza o FESTURIS Gramado &#8211; Feira Internacional de Turismo, Gramado Summit e Chocofest. A empresa que a executiva comanda se destaca ainda pela organiza\u00e7\u00e3o de eventos terceirizados, como congressos e simp\u00f3sios, promovendo o turismo corporativo na Serra Ga\u00facha. Depois desta, Marta j\u00e1 recebeu outra importante homenagem, do SCAL Clube de Fortaleza \u2013 CE.<\/span><\/span><\/p>\n<p><img loading=\"lazy\" decoding=\"async\" class=\" size-medium wp-image-6717 alignleft\" src=\"http:\/\/www.motivacao.org\/blog\/wp-content\/uploads\/2017\/12\/img4-300x200.png\" alt=\"img4\" width=\"300\" height=\"200\" srcset=\"https:\/\/www.motivacao.org\/blog\/wp-content\/uploads\/2017\/12\/img4-300x200.png 300w, https:\/\/www.motivacao.org\/blog\/wp-content\/uploads\/2017\/12\/img4.png 396w\" sizes=\"auto, (max-width: 300px) 100vw, 300px\" \/><\/p>\n<p>&nbsp;<\/p>\n<p>&nbsp;<\/p>\n<p>&nbsp;<\/p>\n<p>&nbsp;<\/p>\n<p>&nbsp;<\/p>\n<p>&nbsp;<\/p>\n<p><span style=\"color: #003300;\">Vice-reitor Odacir Deonisio Graciolli, Marta Rossi, professora Margarete F\u00e1tima de Lucca e reitor Evaldo Kuiava<\/span><\/p>\n<p><span style=\"font-size: large; color: #003300;\"><b>Passaporte mais f\u00e1cil<\/b><\/span><\/p>\n<p class=\"western\"><span style=\"color: #003300;\"><span style=\"font-size: large;\">Diminui a <\/span><span style=\"font-size: large;\">demora e a burocracia desnecess\u00e1ria, para a emiss\u00e3o de passaportes. Desde o in\u00edcio de dezembro, est\u00e3o dispensados os comprovantes de quita\u00e7\u00e3o eleitoral e de servi\u00e7o militar. A implementa\u00e7\u00e3o ser\u00e1 gradual e valer\u00e1 para todo o pa\u00eds at\u00e9 o final de 2018. Criado em mar\u00e7o deste ano, o programa tenta desburocratizar a oferta de servi\u00e7os e reduzir custos. Al\u00e9m da emiss\u00e3o do passaporte, outros servi\u00e7os v\u00e3o passar por processo de desburocratiza\u00e7\u00e3o.\u00a0\u200b<\/span><\/span><span style=\"color: #003300;\">\u200b\u200b<\/span><\/p>\n<p><span style=\"font-size: large; color: #003300;\">\u00a0\u00a0\u00a0<a href=\"http:\/\/www.motivacao.org\/blog\/wp-content\/uploads\/2017\/12\/img5.png\"><img loading=\"lazy\" decoding=\"async\" class=\"wp-image-6718 alignleft\" src=\"http:\/\/www.motivacao.org\/blog\/wp-content\/uploads\/2017\/12\/img5-300x187.png\" alt=\"img5\" width=\"350\" height=\"218\" srcset=\"https:\/\/www.motivacao.org\/blog\/wp-content\/uploads\/2017\/12\/img5-300x187.png 300w, https:\/\/www.motivacao.org\/blog\/wp-content\/uploads\/2017\/12\/img5.png 484w\" sizes=\"auto, (max-width: 350px) 100vw, 350px\" \/><\/a><\/span><\/p>\n<p class=\"western\">\u200b<\/p>\n<p>&nbsp;<\/p>\n","protected":false},"excerpt":{"rendered":"<p>R\u00e1dio Web Vale Encantado VOLTA AO MUNDO Nelci Seibel Membro da Academia Joinvilense de Letras e da Academia de Letras e Artes de S\u00e3o Francisco do Sul Natal e Ano Novo de Esperan\u00e7a Para os leitores que est\u00e3o conosco semana&#8230;<a href=\"https:\/\/www.motivacao.org\/blog\/6709\">Read More&#8230;<\/a><\/p>\n","protected":false},"author":1,"featured_media":0,"comment_status":"open","ping_status":"open","sticky":false,"template":"","format":"standard","meta":{"footnotes":""},"categories":[239,8354,6082],"tags":[13302,13309,9683,13297,13334,13307,13322,13335,13323,13327,13326,13320,13311,13319,13324,13294,13295,13296,13293,13328,13288,13292,13312,13290,13291,13289,13299,13244,13304,13337,13314,13317,13333,13331,13336,13332,13305,13303,9682,13298,13329,13325,13315,13308,13313,13301,13306,13321,13316,13330,13300,13287,13310,13318],"class_list":["post-6709","post","type-post","status-publish","format-standard","hentry","category-mensagens","category-noticias","category-turismo","tag-a-rotisserie-romi-e-o-assados-mr-brasa","tag-associados-ao-vivabem","tag-bares-e-similares-de-joinville-e-regiao","tag-brasil-renovado","tag-burocracia-desnecessaria","tag-condominio-empresarial-perini-business-park","tag-desenvolvimento-sustentavel","tag-dispensados-os-comprovantes-de-quitacao-eleitoral-e-de-servico-militar","tag-entretenimento","tag-feira-internacional-de-turismo-de-gramado","tag-festuris","tag-gramado","tag-imagem-da-laponia","tag-lago-negro","tag-legislacao","tag-mais-afeicao-entre-as-pessoas","tag-mais-alegrias","tag-mais-empregos","tag-mais-qualidade-de-vida","tag-marta-rossi","tag-membro-da-academia-joinvilense-de-letras-e-da-academia-de-letras-e-artes-de-sao-francisco-do-sul","tag-muita-esperanca","tag-na-finlandia","tag-natal-2017","tag-natal-2018","tag-natal-e-ano-novo-de-esperanca","tag-natal-e-ano-novo-em-joinville-e-regiao","tag-nelci-seibel","tag-no-hotel-tannenhof","tag-outros-servicos-vao-passar-por-processo-de-desburocratizacao-","tag-papai-noel","tag-papai-noel-e-o-polo-norte","tag-passaporte","tag-professora-margarete-fatima-de-lucca","tag-reduzir-custos","tag-reitor-evaldo-kuiava","tag-restaurante-e-pizzaria-do-nego","tag-restaurante-panoramico-weinhof","tag-restaurantes","tag-restaurantes-e-hoteis-de-joinville","tag-rossi-zorzanello","tag-rossi-zorzanello-feiras-e-empreendimentos","tag-sao-nicolau","tag-sugestoes-para-o-reveillon","tag-terra-do-papai-noel","tag-terroir-gastronomia","tag-trattoria-coral","tag-turismo","tag-turquia-do-seculo-iv","tag-vice-reitor-odacir-deonisio-graciolli","tag-vivabem-sindicato-de-hoteis","tag-volta-ao-mundo-970","tag-www-vivabemaqui-com-br","tag-zia-stuhaug"],"_links":{"self":[{"href":"https:\/\/www.motivacao.org\/blog\/wp-json\/wp\/v2\/posts\/6709","targetHints":{"allow":["GET"]}}],"collection":[{"href":"https:\/\/www.motivacao.org\/blog\/wp-json\/wp\/v2\/posts"}],"about":[{"href":"https:\/\/www.motivacao.org\/blog\/wp-json\/wp\/v2\/types\/post"}],"author":[{"embeddable":true,"href":"https:\/\/www.motivacao.org\/blog\/wp-json\/wp\/v2\/users\/1"}],"replies":[{"embeddable":true,"href":"https:\/\/www.motivacao.org\/blog\/wp-json\/wp\/v2\/comments?post=6709"}],"version-history":[{"count":9,"href":"https:\/\/www.motivacao.org\/blog\/wp-json\/wp\/v2\/posts\/6709\/revisions"}],"predecessor-version":[{"id":6721,"href":"https:\/\/www.motivacao.org\/blog\/wp-json\/wp\/v2\/posts\/6709\/revisions\/6721"}],"wp:attachment":[{"href":"https:\/\/www.motivacao.org\/blog\/wp-json\/wp\/v2\/media?parent=6709"}],"wp:term":[{"taxonomy":"category","embeddable":true,"href":"https:\/\/www.motivacao.org\/blog\/wp-json\/wp\/v2\/categories?post=6709"},{"taxonomy":"post_tag","embeddable":true,"href":"https:\/\/www.motivacao.org\/blog\/wp-json\/wp\/v2\/tags?post=6709"}],"curies":[{"name":"wp","href":"https:\/\/api.w.org\/{rel}","templated":true}]}}