{"id":6403,"date":"2015-09-01T22:08:31","date_gmt":"2015-09-02T01:08:31","guid":{"rendered":"http:\/\/www.motivacao.org\/blog\/?p=6403"},"modified":"2015-09-01T22:11:58","modified_gmt":"2015-09-02T01:11:58","slug":"traicao-em-foco-por-jorge-antonio-oro","status":"publish","type":"post","link":"https:\/\/www.motivacao.org\/blog\/6403","title":{"rendered":"Trai\u00e7\u00e3o em Foco por Jorge Ant\u00f4nio Oro"},"content":{"rendered":"<pre style=\"text-align: center;\"><span style=\"color: #003300;\">Terapia de Recodifica\u00e7\u00e3o\r\n<a style=\"color: #003300;\" title=\"Hospedagem com Alimenta\u00e7\u00e3o e Tratamento Terap\u00eautico!\" href=\"http:\/\/www.holospa.com.br\/blog\" target=\"_blank\"><img decoding=\"async\" src=\"http:\/\/www.motivacao.org\/icones\/Holo_Spa_Vale_Encantado.jpg\" alt=\"Holo Spa - Vale Encantado\" border=\"0\" \/><\/a>\r\n<span style=\"text-decoration: underline;\"><a style=\"color: #003300; text-decoration: underline;\" title=\"O que \u00e9 Biomagnetismo M\u00e9dico?\" href=\"http:\/\/www.motivacao.org\/blog\/5492\" target=\"_blank\">Biomagnetismo M\u00e9dico<\/a><\/span>\r\n<iframe loading=\"lazy\" src=\"http:\/\/apps.sistema.radio.br\/BRGallery\/index.php\/player\/view\/wood;95;31;aHR0cDovL3JhZGlvd2ViaW1tYi5jb20uYnIvYXBwLnBsYXllci5waHA=;false\" width=\"95px\" height=\"31px\" frameborder=\"0\" scrolling=\"NO\"><\/iframe><span style=\"text-decoration: underline;\"><a style=\"color: #003300; text-decoration: underline;\" title=\"R\u00e1dio Web IMMB - Um b\u00e1lsamo para seus ouvidos!\" href=\"http:\/\/radiowebimmb.com.br\" target=\"_blank\">R\u00e1dio Web Immb<\/a><\/span><\/span><\/pre>\n<h3 class=\"post-title entry-title\"><span style=\"color: #003300;\">Trai\u00e7\u00e3o em Foco<\/span><\/h3>\n<h3 class=\"post-title entry-title\"><span style=\"color: #003300;\">Por: Jorge Ant\u00f4nio Oro<\/span><\/h3>\n<div id=\"post-body-4712778341658892776\" class=\"post-header\">\n<div><span style=\"color: #003300;\"><br \/>\nVamos conversar sobre trai\u00e7\u00e3o!<\/span><\/div>\n<div><span style=\"color: #003300;\">N\u00e3o vamos comentar o trair, com rela\u00e7\u00e3o a si pr\u00f3prio, a p\u00e1tria, e outros, que implicam na ci\u00eancia da verdadeira \u00e9tica. Vamos nos ater a comentar o \u201ctrair\u201d passional, aquele que existe nos relacionamentos afetivos.<\/span><\/div>\n<div><span style=\"color: #003300;\">Primeiro, temos que lembrar, que qualquer ato f\u00edsico, foi gerado a partir de um impulso externo (fato, pessoa, etc).<\/span><\/div>\n<div><span style=\"color: #003300;\">A partir disto, surge o instinto b\u00e1sico, que sobe para o astral, que o reveste das emo\u00e7\u00f5es associadas, que o passa para a mente concreta, que o analisa, e que por n\u00e3o ter for\u00e7a de vontade ou argumentos para sublimar o impulso, o devolve para o astral, que reveste-o novamente de expectativas, cria um ambiente fantasioso com o resultado esperado, devolve para o vital, que derrama adrenalina, horm\u00f4nios e outras subst\u00e2ncias no sistema end\u00f3crino, que obstruir\u00e3o de vez a razoabilidade, gerando ent\u00e3o a decis\u00e3o (na verdade \u00e9 instinto, n\u00e3o decis\u00e3o) ato em si.<\/span><\/div>\n<div><span style=\"color: #003300;\">Assim, quando relatamos uma trai\u00e7\u00e3o, estamos falando de um ato, que \u00e9 decorr\u00eancia de todo um processo que tenha acontecido na pessoa.<\/span><\/div>\n<div><span style=\"color: #003300;\">Abstraindo-se dos conceitos religiosos, que (por ignor\u00e2ncia ou por m\u00e1 inten\u00e7\u00e3o) ligam a trai\u00e7\u00e3o a pecado, colocam-se as seguintes perguntas:<\/span><\/div>\n<div><span style=\"color: #003300;\">1) Pq trair n\u00e3o \u00e9 recomend\u00e1vel (usamos o termo recomend\u00e1vel, pois cada um sabe de si mesmo) do ponto de vista evolucional?<\/span><\/div>\n<div><span style=\"color: #003300;\">2) Pq ser tra\u00eddo \u00e9 t\u00e3o doloroso?<\/span><\/div>\n<div><span style=\"color: #003300;\">Cabe aqui um par\u00eantesis, que \u00e9 o fato de que boa parte da dita cultura (arte, lazer) ocidental \u00a0gira entorno destes eventos (trai\u00e7\u00f5es, paix\u00f5es n\u00e3o correspondidas, desilus\u00f5es amorosas, m\u00e1goas, sofrimentos, etc), trazendo o teto de nossa exist\u00eancia, do mundo \u00c1tmico para o mais baixo astral.<\/span><\/div>\n<div><span style=\"color: #003300;\">\u00a0<\/span><\/div>\n<div><span style=\"color: #003300;\">a) Devemos lembrar que cada um tem ao seu lado a pessoa que precisa, para que fa\u00e7a surgir em cada um de n\u00f3s nossas falhas (tend\u00eancias), afim de que possamos sublim\u00e1-las, tornando-as positivas, e evoluindo.<\/span><\/div>\n<div><span style=\"color: #003300;\">A rec\u00edproca \u00e9 verdadeira, e nossa fun\u00e7\u00e3o junto a contraparte, \u00e9 auxili\u00e1-la a evoluir.<\/span><\/div>\n<div><span style=\"color: #003300;\">Ningu\u00e9m \u00e9 obrigado a manter um relacionamento, mas se o mantiver, deve entender que o outro, tamb\u00e9m \u00e9 um ser humano.<\/span><\/div>\n<div><span style=\"color: #003300;\">A atra\u00e7\u00e3o (que usa uma m\u00e1scara de atra\u00e7\u00e3o f\u00edsica para que o relacionamento se estabele\u00e7a), acima de tudo \u00e9 uma atra\u00e7\u00e3o karmica;<\/span><\/div>\n<div><span style=\"color: #003300;\">\u00a0<\/span><\/div>\n<div><span style=\"color: #003300;\">b) Aquela pessoa que traiu por \u201cacaso\u201d, simplesmente pq \u201caconteceu\u201d, tem que rever imediatamente seus conceitos de vontade (que \u00e9 muito diferente de desejo), e analisar em que ponto de seu ser est\u00e1 focado a sua consci\u00eancia.<\/span><\/div>\n<div><span style=\"color: #003300;\">Para deixar que uma decis\u00e3o baseada nos instintos se exteriorizar (e que n\u00e3o consiga ser contida nem pelo emocional, nem pelo mental), significa que seu foco de consci\u00eancia est\u00e1 abaixo da consci\u00eancia dos animais, pois os princ\u00edpios inerentes as criaturas do reino animal, visam a preserva\u00e7\u00e3o e manuten\u00e7\u00e3o da esp\u00e9cie e da vida. Nunca os instintos b\u00e1sico, se sobressaem, por lazer.<\/span><\/div>\n<div><span style=\"color: #003300;\">\u00a0<\/span><\/div>\n<div><span style=\"color: #003300;\">c) Aquela pessoa que trai conscientemente, ou seja, tem mais de uma rela\u00e7\u00e3o com envolvimento afetivo-emocional, prejudica a sua pr\u00f3pria evolu\u00e7\u00e3o, pois tem em seu astral mais denso (ligado ao passionalismo e a sexualidade) v\u00e1rios seres humanos entrela\u00e7ados, o que torna a administra\u00e7\u00e3o destes elementais simplesmente imposs\u00edveis, pois eles s\u00e3o antag\u00f4nicos entre si. Em decorr\u00eancia, no vital e no astral, cada um vai reclamar o \u201cseu quinh\u00e3o\u201d de vitalidade e aten\u00e7\u00e3o, mantendo a temperatura do astral permanentemente elevada, confusa, ca\u00f3tica e sem um foco, abrindo espa\u00e7o para a manifesta\u00e7\u00e3o intempestiva de todo sorte de seres que habitam nas partes mais insond\u00e1veis do astral;<\/span><\/div>\n<div><span style=\"color: #003300;\">\u00a0<\/span><\/div>\n<div><span style=\"color: #003300;\">d) O homem \u00e9 formado de Prana masculino (determinante) e feminino (em menor propor\u00e7\u00e3o). E a mulher \u00e9 o contr\u00e1rio.<\/span><\/div>\n<div><span style=\"color: #003300;\">O Prana individual, \u00e9 diferenciado do geral, pois ao fundir-se eletricamente em nosso ser, adquire uma identidade espec\u00edfica.<\/span><\/div>\n<div><span style=\"color: #003300;\">Quando um homem se relaciona com uma mulher, e vice-versa, h\u00e1 uma troca de Prana, que tende a se alojar em locais espec\u00edficos no corpo e no sistema c\u00e9rebro-espinhal do companheiro(a).<\/span><\/div>\n<div><span style=\"color: #003300;\">E a\u00ed permanece, interferindo no dia a dia de cada um dos dois, no plano da cria\u00e7\u00e3o mental, astral, vital e no sistema end\u00f3crino.<\/span><\/div>\n<div><span style=\"color: #003300;\">\u00c9 um elemento necess\u00e1rio ao pr\u00f3prio equil\u00edbrio el\u00e9trico do processo (lembrem-se que o que chamamos de masculino e feminino \u00e9 simplesmente polariza\u00e7\u00e3o de Prana).<\/span><\/div>\n<div><span style=\"color: #003300;\">Depois de certo tempo de vida, este influxo da necessidade externa do Prana complementar, tende a diminuir.<\/span><\/div>\n<div><span style=\"color: #003300;\">\u00a0<\/span><\/div>\n<div><span style=\"color: #003300;\">e) Como o Prana \u00e9 individualizado, como se fosse a identidade de cada um, OBVIAMENTE, que a conviv\u00eancia de dois ou mais pr\u00e2nas femininos, ao mesmo tempo, no corpo de um homem, tendem a gerar uma confus\u00e3o el\u00e9trica em todos os planos. Dois pr\u00e2nas femininos em um organismo masculino, s\u00e3o antag\u00f4nicos. E Vice-versa.<\/span><\/div>\n<div><span style=\"color: #003300;\">O que a mulher chama de \u201cintui\u00e7\u00e3o feminina\u201d com rela\u00e7\u00e3o a isto (objeto de tantas brincadeiras por parte dos homens), \u00e9 simplesmente a rea\u00e7\u00e3o f\u00edsica do organismo feminino, a presen\u00e7a de outra energia no corpo do parceiro (e isto independe de ver, cheirar, ter batom na camisa e outras coisas).<\/span><\/div>\n<div><span style=\"color: #003300;\">No homem, acontece a mesma coisa, ele perceber\u00e1 o prana masculino de outro homem em sua companheira.<\/span><\/div>\n<div><span style=\"color: #003300;\">Mas como no homem, a percep\u00e7\u00e3o n\u00e3o \u00e9 t\u00e3o sutil quanto na mulher, isto poder\u00e1 passar despercebido.<\/span><\/div>\n<div><span style=\"color: #003300;\">E mesmo que a contraparte n\u00e3o \u201cdescubra\u201d que houve uma trai\u00e7\u00e3o, ou rela\u00e7\u00e3o com outros, isto se exteriorizar\u00e1 atrav\u00e9s de uma irritabilidade n\u00e3o explicada, etc, etc e mais algumas dezenas de etec\u00e9teras.<\/span><\/div>\n<div><span style=\"color: #003300;\">\u00a0<\/span><\/div>\n<div><span style=\"color: #003300;\">f) Muito importante: quando h\u00e1 um relacionamento sexual (afetivo ou n\u00e3o) entre homem e mulher, h\u00e1 ao mesmo tempo uma troca de informa\u00e7\u00f5es el\u00e9tricas, fisico-qu\u00edmicas, que fazem com que ocorra um entrela\u00e7amento entre formas b\u00e1sicas (vital e astral) dos dois.<\/span><\/div>\n<div><span style=\"color: #003300;\">Assim, em parte do vital-astral do homem, reter\u00e1 o hist\u00f3rico (astral mais denso) que tenha no corpo daquela mulher com quem esteve, e vice-versa.<\/span><\/div>\n<div><span style=\"color: #003300;\">Da\u00ed decorre a tradi\u00e7\u00e3o (oculta) de que o ideal \u00e9 que tanto o homem quanto a mulher fossem virgens, para gerar novos seres.<\/span><\/div>\n<div><span style=\"color: #003300;\">\u00c9 que neste caso, os filhos seriam filhos somente daqueles dois.<\/span><\/div>\n<div><span style=\"color: #003300;\">No caso de m\u00faltiplos parceiros, sempre h\u00e1 um res\u00edduo de vital-astral, que permanece, interferindo na g\u00eanese.<\/span><\/div>\n<div><span style=\"color: #003300;\">Hoje, esta quest\u00e3o est\u00e1 de tal forma vulgarizada, que o sexo virou esporte, divers\u00e3o, artif\u00edcio de venda de produtos, e em alguns casos, a rela\u00e7\u00e3o de um homem com uma mulher, \u00e9 na verdade a rela\u00e7\u00e3o de dois hist\u00f3ricos (todos com os quais ela j\u00e1 tenha estado, com todas as quais ele j\u00e1 tenha estado), gerando verdadeiras hordas de entrela\u00e7amento no astral, dificultando e tornando densa a vida de todos.<\/span><\/div>\n<div><span style=\"color: #003300;\">\u00a0<\/span><\/div>\n<div><span style=\"color: #003300;\">g) As m\u00faltiplas paix\u00f5es que passam pela vida tanto do homem quanto da mulher, as dores n\u00e3o resolvidas e as felicidades n\u00e3o exteriorizadas, s\u00e3o as sementes dos problemas de sa\u00fade no \u00fatero da mulher, no \u00fatero do homem (pr\u00f3stata), mamas (na mulher) e cora\u00e7\u00e3o(no homem).<\/span><\/div>\n<div><span style=\"color: #003300;\">\u00a0<\/span><\/div>\n<div><span style=\"color: #003300;\">h) Ser tra\u00eddo \u00e9 doloroso quando h\u00e1 uma rela\u00e7\u00e3o afetivo-emocional intensa, ou uma paix\u00e3o (pior ainda), ou amor (dificilmente acontecer\u00e1 trai\u00e7\u00e3o se existir amor verdadeiro), pq h\u00e1 uma \u201cfus\u00e3o\u201d f\u00edsica (vital astral) entre quem est\u00e1 apaixonado e o objeto da paix\u00e3o, entre quem ama e quem \u00e9 amado, entre quem gosta e quem \u00e9 \u201cgostado\u201d.<\/span><\/div>\n<div><span style=\"color: #003300;\">E neste \u201cestado\u201d de amor ou paix\u00e3o, tudo acontece no vital-astral, n\u00e3o havendo espa\u00e7o para a l\u00f3gica.<\/span><\/div>\n<div><span style=\"color: #003300;\">Assim, a mente concreta a tudo assiste impassiva, at\u00e9 que haja uma diminui\u00e7\u00e3o nos n\u00edveis de convuls\u00e3o e aquecimento astral, para que a raz\u00e3o possa participar de decis\u00f5es.<\/span><\/div>\n<div><span style=\"color: #003300;\">Esta fus\u00e3o, \u00e9 o entrela\u00e7amento com tudo o que \u201c\u00e9 visto\u201d do ponto de vista de quem est\u00e1 apaixonado: adora desde o ded\u00e3o do p\u00e9 da pessoa amada, at\u00e9 a forma como ela sorri, etc, etc.<\/span><\/div>\n<div><span style=\"color: #003300;\">Assim, para cada express\u00e3o vis\u00edvel ou sensorial gerada pela pessoa amada, vai haver em quem est\u00e1 amando, uma contrapartida tamb\u00e9m vital-astral, dizendo\u201d eu gosto disto\u201d.<\/span><\/div>\n<div><span style=\"color: #003300;\">E os dois seres est\u00e3o unidos pelo \u201cfogo da paix\u00e3o\u201d.<\/span><\/div>\n<div><span style=\"color: #003300;\">Pois bem, para que vc crie formas defensivas contra algu\u00e9m ou uma situa\u00e7\u00e3o, \u00e9 preciso que vc veja a necessidade de fazer isto. Ent\u00e3o, em seu astral, conduzidos pela mente concreta, criam-se formas de \u201cem torno\u201d, para limitar as a\u00e7\u00f5es da outra pessoa em sua vida.<\/span><\/div>\n<div><span style=\"color: #003300;\">Como na paix\u00e3o, no amor, no gostar, n\u00e3o se v\u00ea defeito algum, nenhuma forma de conten\u00e7\u00e3o \u00e9 criada.<\/span><\/div>\n<div><span style=\"color: #003300;\">Quando ocorre a trai\u00e7\u00e3o, h\u00e1 de imediato um rompimento f\u00edsico do entrela\u00e7amento entre os dois seres, em maior ou menor propor\u00e7\u00e3o. E isto causa sim um impacto vital el\u00e9trico de tal intensidade no sistema end\u00f3crino e no sistema nervoso, que o c\u00e9rebro vai traduzir como dor.<\/span><\/div>\n<div><span style=\"color: #003300;\">\u00a0<\/span><\/div>\n<div><span style=\"color: #003300;\">i) Uma vez rompida esta fus\u00e3o vital-astral, abre-se espa\u00e7o para todas as outras formas que apenas viam de longe: da\u00ed vem o arrependimento, a raiva, o \u201ceu sabia que ia acontecer\u201d, a desilus\u00e3o (lembre-se que para ficar desiludida, \u00e9 necess\u00e1rio que antes vc estivesse iludida), e ficam m\u00e1goas e dores no astral, que talvez nunca sejam sublimadas e se alimentem por anos, no que chamamos de lembran\u00e7as amargas, desejo de vingan\u00e7a, decep\u00e7\u00e3o, etc.<\/span><\/div>\n<div><span style=\"color: #003300;\">Do ponto de vista evolucional, \u00e9 desaconselh\u00e1vel, pois estas formas nortear\u00e3o o seu processo astral\/mental por um bom temo, tornando-a uma criatura amarga, e usando as dores que se alimentar\u00e3o de vc todos os dias, como um filtro para ver o mundo.<\/span><\/div>\n<div><span style=\"color: #003300;\">\u00a0<\/span><\/div>\n<div><span style=\"color: #003300;\">j) As dores resultantes de relacionamentos rompidos, s\u00e3o t\u00e3o poderosas e t\u00e3o prejudiciais a evolu\u00e7\u00e3o, pq est\u00e3o entrela\u00e7adas com quase tudo no astral, e a tend\u00eancia vai ser fazer com que toda e qquer atividade emocional\/mental, reavive uma lembran\u00e7a, pelo simples prazer (quer dizer, alimentar o elemental) de sofrer.<\/span><\/div>\n<div><span style=\"color: #003300;\">\u00a0<\/span><\/div>\n<div><span style=\"color: #003300;\">k) Obvio que, disto decorre karma, simplesmente pq parte do Karma atual, e do karma futuro, \u00e9 fruto das a\u00e7\u00f5es desta exist\u00eancia (lembram-se dos Vrittis).<\/span><\/div>\n<div><span style=\"color: #003300;\">\u00c9 um assunto extenso e vasto, mas como que falamos aqui, h\u00e1 subs\u00eddios para que cada um possa navegar em suas mem\u00f3rias, trazendo a tona aqueles escondidos, que teimam em se alimentar de sua vida, j\u00e1 sem nenhuma raz\u00e3o nem direito evolucional.<\/span><\/div>\n<div><span style=\"color: #003300;\">Por \u00faltimo, h\u00e1 que relembrar que o resultado de uma a\u00e7\u00e3o ou de um pensamento s\u00e3o muit\u00edssimo similares!!!<\/span><\/div>\n<div><span style=\"color: #003300;\">Quanto mais pac\u00edfico nosso astral, melhor ser\u00e1 a nossa vis\u00e3o, e mais puro os sentimentos que poderemos gerar.<\/span><\/div>\n<div><span style=\"color: #003300;\">Traidor (traditore) \u00e9 \u201c aquele que entrega deslealmente\u201d. No caso da trai\u00e7\u00e3o objeto desta conversa, quem trai, entrega deslealmente a outro, o caminho vital \u00a0e astral para a sua contraparte (que vai herdar uma carga astral de algu\u00e9m a quem ela(ou ele) sequer conhece).<\/span><\/div>\n<div><span style=\"color: #003300;\">Por \u00faltimo, pq se diz que parte o cora\u00e7\u00e3o??? TIMO!!!<\/span><\/div>\n<div><span style=\"color: #003300;\">Ent\u00e3o, a quest\u00e3o que se coloca para cada um \u00e9: &#8230;&#8230;&#8230;&#8230;&#8230;&#8230;&#8230;&#8230;&#8230;&#8230;&#8230;&#8230;&#8230;&#8230;&#8230;&#8230;?????????<\/span><\/div>\n<div><span style=\"color: #003300;\">Fraterno abra\u00e7o, e que possamos todos ter uma vida simples e tranquila.<\/span><\/div>\n<div><span style=\"color: #003300;\">Jorge Ant\u00f4nio Oro<\/span><\/div>\n<div><span style=\"color: #003300;\">\u00a0<\/span><\/div>\n<div>\n<p><strong><strong><em><span style=\"color: #003300;\">Jorge Ant\u00f4nio Oro\u00a0\u00e9 um autodidata e membro da Sociedade Brasileira de\u00a0Eubiose<\/span><\/em><\/strong><\/strong><\/p>\n<p><strong><span style=\"color: #003300;\">Fonte:<\/span> <\/strong><span style=\"color: #003300;\">http:\/\/imacullatamaria.blogspot.com.br\/2013\/09\/traicao-por-jorge-antonio-oro.html<\/span><strong><em><span style=\"color: #003300;\"><br \/>\n<\/span><\/em><\/strong><\/p>\n<\/div>\n<\/div>\n","protected":false},"excerpt":{"rendered":"<p>Terapia de Recodifica\u00e7\u00e3o Biomagnetismo M\u00e9dico R\u00e1dio Web Immb Trai\u00e7\u00e3o em Foco Por: Jorge Ant\u00f4nio Oro Vamos conversar sobre trai\u00e7\u00e3o! N\u00e3o vamos comentar o trair, com rela\u00e7\u00e3o a si pr\u00f3prio, a p\u00e1tria, e outros, que implicam na ci\u00eancia da verdadeira \u00e9tica&#8230;.<a href=\"https:\/\/www.motivacao.org\/blog\/6403\">Read More&#8230;<\/a><\/p>\n","protected":false},"author":1,"featured_media":0,"comment_status":"open","ping_status":"open","sticky":false,"template":"","format":"standard","meta":{"footnotes":""},"categories":[239],"tags":[13125,13121,13140,13119,13131,13104,13112,13139,13136,13127,13128,13138,13109,13116,13111,13107,13133,13122,13126,13102,13137,13106,13132,13135,13129,13108,13105,13118,13134,13115,13130,13123,13124,13117,13113,13120,13114,13110,13103],"class_list":["post-6403","post","type-post","status-publish","format-standard","hentry","category-mensagens","tag-a-presenca-de-outra-energia-no-corpo-do-parceiro","tag-abre-se-espaco-para-todas-as-outras-formas","tag-abrindo-espaco-para-a-manifestacao-intempestiva-de-todo-sorte-de-seres-que-habitam-nas-partes-mais-insondaveis-do-astral","tag-alimentar-o-elemental-de-sofrer","tag-ao-mesmo-tempo","tag-autodidata-e-membro-da-sociedade-brasileira-de-eubiose","tag-e-fruto-das-acoes-desta-existencia","tag-caotica-e-sem-um-foco","tag-cada-um-vai-reclamar-o-seu-quinhao-de-vitalidade-e-atencao","tag-como-o-prana-e-individualizado","tag-como-se-fosse-a-identidade-de-cada-um","tag-confusa","tag-disto-decorre-karma","tag-e-a-tendencia-vai-ser-fazer-com-que-toda-e-qquer-atividade-emocionalmental","tag-e-do-karma-futuro","tag-e-mais-puro-os-sentimentos","tag-elementais-simplesmente-impossiveis","tag-ficam-magoas-e-dores-no-astral","tag-intuicao-feminina","tag-jorge-antonio-oro","tag-mantendo-a-temperatura-do-astral-permanentemente-elevada","tag-melhor-sera-a-nossa-visao","tag-no-corpo-de-um-homem","tag-no-vital-e-no-astral","tag-obviamente","tag-obvio-que","tag-pacifico-nosso-astral","tag-pelo-simples-prazer-quer-dizer","tag-pois-eles-sao-antagonicos-entre-si-em-decorrencia","tag-pq-estao-entrelacadas-com-quase-tudo-no-astral","tag-que-a-convivencia-de-dois-ou-mais-pranas-femininos","tag-que-talvez-nunca-sejam-sublimadas","tag-reacao-fisica-do-organismo-feminino","tag-reavive-uma-lembranca","tag-relacionamentos-rompidos","tag-rompida-esta-fusao-vital-astral","tag-sao-tao-poderosas-e-tao-prejudiciais-a-evolucao","tag-simplesmente-pq-parte-do-karma-atual","tag-sociedade-brasileira-de-eubiose"],"_links":{"self":[{"href":"https:\/\/www.motivacao.org\/blog\/wp-json\/wp\/v2\/posts\/6403","targetHints":{"allow":["GET"]}}],"collection":[{"href":"https:\/\/www.motivacao.org\/blog\/wp-json\/wp\/v2\/posts"}],"about":[{"href":"https:\/\/www.motivacao.org\/blog\/wp-json\/wp\/v2\/types\/post"}],"author":[{"embeddable":true,"href":"https:\/\/www.motivacao.org\/blog\/wp-json\/wp\/v2\/users\/1"}],"replies":[{"embeddable":true,"href":"https:\/\/www.motivacao.org\/blog\/wp-json\/wp\/v2\/comments?post=6403"}],"version-history":[{"count":8,"href":"https:\/\/www.motivacao.org\/blog\/wp-json\/wp\/v2\/posts\/6403\/revisions"}],"predecessor-version":[{"id":6410,"href":"https:\/\/www.motivacao.org\/blog\/wp-json\/wp\/v2\/posts\/6403\/revisions\/6410"}],"wp:attachment":[{"href":"https:\/\/www.motivacao.org\/blog\/wp-json\/wp\/v2\/media?parent=6403"}],"wp:term":[{"taxonomy":"category","embeddable":true,"href":"https:\/\/www.motivacao.org\/blog\/wp-json\/wp\/v2\/categories?post=6403"},{"taxonomy":"post_tag","embeddable":true,"href":"https:\/\/www.motivacao.org\/blog\/wp-json\/wp\/v2\/tags?post=6403"}],"curies":[{"name":"wp","href":"https:\/\/api.w.org\/{rel}","templated":true}]}}