{"id":6261,"date":"2015-07-17T15:14:38","date_gmt":"2015-07-17T18:14:38","guid":{"rendered":"http:\/\/www.motivacao.org\/blog\/?p=6261"},"modified":"2015-07-18T16:43:01","modified_gmt":"2015-07-18T19:43:01","slug":"inaugurada-a-ponte-anita-garibaldi","status":"publish","type":"post","link":"https:\/\/www.motivacao.org\/blog\/6261","title":{"rendered":"Inaugurada a Ponte Anita Garibaldi"},"content":{"rendered":"<pre><span style=\"color: #003300;\">Terapia de Recodifica\u00e7\u00e3o\r\n<a style=\"color: #003300;\" title=\"Hospedagem com Alimenta\u00e7\u00e3o e Tratamento Terap\u00eautico!\" href=\"http:\/\/www.holospa.com.br\/blog\" target=\"_blank\"><img decoding=\"async\" src=\"http:\/\/www.motivacao.org\/icones\/Holo_Spa_Vale_Encantado.jpg\" alt=\"Holo Spa - Vale Encantado\" border=\"0\" \/><\/a>\r\n<a style=\"color: #003300;\" title=\"O que \u00e9 Biomagnetismo M\u00e9dico?\" href=\"http:\/\/www.motivacao.org\/blog\/5492\" target=\"_blank\">Biomagnetismo M\u00e9dico<\/a>\r\n<iframe loading=\"lazy\" src=\"http:\/\/apps.sistema.radio.br\/BRGallery\/index.php\/player\/view\/wood;95;31;aHR0cDovL3JhZGlvd2ViaW1tYi5jb20uYnIvYXBwLnBsYXllci5waHA=;false\" width=\"95px\" height=\"31px\" frameborder=\"0\" scrolling=\"NO\"><\/iframe><a style=\"color: #003300;\" title=\"R\u00e1dio Web IMMB - Um b\u00e1lsamo para seus ouvidos!\" href=\"http:\/\/radiowebimmb.com.br\" target=\"_blank\">R\u00e1dio Web Immb<\/a><\/span><\/pre>\n<h2><span style=\"color: #003300;\">Inaugura\u00e7\u00e3o da<br \/>\nPonte Anita Garibaldi<br \/>\n<\/span><\/h2>\n<p><span style=\"color: #003300;\"><a style=\"color: #003300;\" href=\"http:\/\/www.motivacao.org\/blog\/wp-content\/uploads\/2015\/07\/PonteLaguna4.jpg\"><img loading=\"lazy\" decoding=\"async\" class=\"  wp-image-6268 aligncenter\" src=\"http:\/\/www.motivacao.org\/blog\/wp-content\/uploads\/2015\/07\/PonteLaguna4.jpg\" alt=\"PonteLaguna4\" width=\"366\" height=\"168\" srcset=\"https:\/\/www.motivacao.org\/blog\/wp-content\/uploads\/2015\/07\/PonteLaguna4.jpg 331w, https:\/\/www.motivacao.org\/blog\/wp-content\/uploads\/2015\/07\/PonteLaguna4-300x138.jpg 300w\" sizes=\"auto, (max-width: 366px) 100vw, 366px\" \/><\/a>Santa Catarina ganha uma monumental obra como marco hist\u00f3rico pela sua impon\u00eancia e benef\u00edcios proporcionados no fluxo de tr\u00e2nsito da BR-101 e muito mais pelo que representa no avan\u00e7o tecnol\u00f3gico, sendo a &#8220;primeira ponte estaiada em curva do Brasil&#8221; e a terceira maior em extens\u00e3o. Espera-se ser a solu\u00e7\u00e3o para um dos maiores gargalos da BR-101, onde h\u00e1 anos vinham se registrando engarrafamentos de mais de 20 quil\u00f4metros.<br \/>\n<a style=\"color: #003300;\" href=\"http:\/\/www.motivacao.org\/blog\/wp-content\/uploads\/2015\/07\/PonteLaguna5.jpg\"><img loading=\"lazy\" decoding=\"async\" class=\"  wp-image-6269 aligncenter\" src=\"http:\/\/www.motivacao.org\/blog\/wp-content\/uploads\/2015\/07\/PonteLaguna5.jpg\" alt=\"PonteLaguna5\" width=\"373\" height=\"209\" \/><\/a><strong>Estranhamente a equipe do Jornal Nacional, deixou passar batido a inaugura\u00e7\u00e3o de uma obra dessa magnitude, surpreendendo seus fieis telespectadores catarinenses que generosamente, brindam a emissora com significativa audi\u00eancia, ferindo assim, pelo menos em parte o brilho do Estado de Santa Catarina no cen\u00e1rio nacional.<\/strong> <\/span><br \/>\n<span style=\"color: #003300;\"> Foi marcante a indigna\u00e7\u00e3o do telespectador, principalmente na regi\u00e3o Laguna &#8211; SC, ao ver que seus conhecidos apresentadores, deram por encerrada a edi\u00e7\u00e3o do Jornal Nacional, sem que o &#8220;Fato Hist\u00f3rico&#8221; fosse mencionado. <\/span><br \/>\n<span style=\"color: #003300;\"> No fundo a pergunta que n\u00e3o quer calar!\u00a0 Por qu\u00ea? <\/span><br \/>\n<span style=\"color: #003300;\"> &#8211; Qual o crit\u00e9rio de sele\u00e7\u00e3o das not\u00edcias? <\/span><br \/>\n<span style=\"color: #003300;\"> &#8211; A imagem do Estado de Santa Catarina est\u00e1 assim t\u00e3o desgastada no can\u00e1rio nacional? <\/span><br \/>\n<span style=\"color: #003300;\"> &#8211; Pode ficar esquecido um evento t\u00e3o significativo no planeta em se tratando de tecnologia na constru\u00e7\u00e3o de pontes?<\/span><br \/>\n<span style=\"color: #003300;\"> &#8211; Existe algo mais significativo que possa impedir a veicula\u00e7\u00e3o de uma noticia t\u00e3o importante?<\/span><\/p>\n<p><span style=\"color: #003300;\"><a style=\"color: #003300;\" href=\"http:\/\/www.motivacao.org\/blog\/wp-content\/uploads\/2015\/07\/PonteLaguna2.jpg\"><img loading=\"lazy\" decoding=\"async\" class=\"  wp-image-6263 aligncenter\" src=\"http:\/\/www.motivacao.org\/blog\/wp-content\/uploads\/2015\/07\/PonteLaguna.jpg\" alt=\"PonteLaguna\" width=\"420\" height=\"279\" srcset=\"https:\/\/www.motivacao.org\/blog\/wp-content\/uploads\/2015\/07\/PonteLaguna.jpg 960w, https:\/\/www.motivacao.org\/blog\/wp-content\/uploads\/2015\/07\/PonteLaguna-300x200.jpg 300w\" sizes=\"auto, (max-width: 420px) 100vw, 420px\" \/><img loading=\"lazy\" decoding=\"async\" class=\"  wp-image-6265 aligncenter\" src=\"http:\/\/www.motivacao.org\/blog\/wp-content\/uploads\/2015\/07\/PonteLaguna2.jpg\" alt=\"PonteLaguna2\" width=\"422\" height=\"211\" srcset=\"https:\/\/www.motivacao.org\/blog\/wp-content\/uploads\/2015\/07\/PonteLaguna2.jpg 720w, https:\/\/www.motivacao.org\/blog\/wp-content\/uploads\/2015\/07\/PonteLaguna2-300x150.jpg 300w\" sizes=\"auto, (max-width: 422px) 100vw, 422px\" \/><\/a> <a style=\"color: #003300;\" href=\"http:\/\/www.motivacao.org\/blog\/wp-content\/uploads\/2015\/07\/PonteLaguna3.jpg\"><img loading=\"lazy\" decoding=\"async\" class=\"  wp-image-6266 aligncenter\" src=\"http:\/\/www.motivacao.org\/blog\/wp-content\/uploads\/2015\/07\/PonteLaguna3.jpg\" alt=\"PonteLaguna3\" width=\"423\" height=\"238\" srcset=\"https:\/\/www.motivacao.org\/blog\/wp-content\/uploads\/2015\/07\/PonteLaguna3.jpg 960w, https:\/\/www.motivacao.org\/blog\/wp-content\/uploads\/2015\/07\/PonteLaguna3-300x169.jpg 300w\" sizes=\"auto, (max-width: 423px) 100vw, 423px\" \/><\/a>Sabe-se que dentro das quest\u00f5es pol\u00edticas, sempre houve espa\u00e7o para manifesta\u00e7\u00e3o e manipula\u00e7\u00e3o de for\u00e7as, no entanto, o compromisso de passar informa\u00e7\u00f5es, precisa estar acima disso tudo e os profissionais, podem a sabem como fazer para divulgar not\u00edcias sem nenhuma tend\u00eancia, limitando-se aos fatos e registros sem maiores detalhes, pois sabem que ser\u00e3o de vital import\u00e2ncia nas pesquisas do futuro.<\/span><\/p>\n<p><span style=\"color: #003300;\">Existe espa\u00e7o apropriado na imprensa para que se possa divulgar abertamente os m\u00e9ritos de cada um e quest\u00f5es pol\u00edticas, podem e devem ser debatidas, mas nunca interferir nos registros de fatos hist\u00f3ricos.<\/span><\/p>\n<p><span style=\"color: #003300;\">Aqui deixamos registros a t\u00edtulo de informa\u00e7\u00f5es e antecipamos agradecimentos aos que puderem enriquecer nossas informa\u00e7\u00f5es sem que a pol\u00edtica seja evidenciada. <\/span><\/p>\n<p><span style=\"color: #003300;\">Eg\u00eddio Garcia Coelho<\/span><\/p>\n","protected":false},"excerpt":{"rendered":"<p>Terapia de Recodifica\u00e7\u00e3o Biomagnetismo M\u00e9dico R\u00e1dio Web Immb Inaugura\u00e7\u00e3o da Ponte Anita Garibaldi Santa Catarina ganha uma monumental obra como marco hist\u00f3rico pela sua impon\u00eancia e benef\u00edcios proporcionados no fluxo de tr\u00e2nsito da BR-101 e muito mais pelo que representa&#8230;<a href=\"https:\/\/www.motivacao.org\/blog\/6261\">Read More&#8230;<\/a><\/p>\n","protected":false},"author":1,"featured_media":0,"comment_status":"open","ping_status":"open","sticky":false,"template":"","format":"standard","meta":{"footnotes":""},"categories":[24,239,8354],"tags":[12937,12929,12926,12923,12922,12940,12919,12938,12930,12933,12934,12935,12924,12914,12927,12918,12925,12942,12941,12915,12928,12932,12931,12939,12921,12936,12916,12917,12920],"class_list":["post-6261","post","type-post","status-publish","format-standard","hentry","category-curiosidades","category-mensagens","category-noticias","tag-algo-mais-significativo-que-possa-impedir-a-veiculacao","tag-ao-ver-que-seus-conhecidos-apresentadores","tag-brilho-do-estado-de-santa-catarina-no-cenario-nacional","tag-brindam-a-emissora-com-significativa-audiencia","tag-catarinenses-que-generosamente","tag-compromisso-de-passar-informacoes","tag-deixou-passar-batido-a-inauguracao","tag-dentro-das-questoes-politicas","tag-deram-por-encerrada-a-edicao-do-jornal-nacional","tag-desgastada-no-canario-nacional","tag-estado-de-santa-catarina","tag-evento-tao-significativo-no-planeta","tag-ferindo-assim","tag-inauguracao-da-ponte-anita-garibaldi","tag-indignacao-do-telespectador","tag-jornal-nacional","tag-pelo-menos-em-parte-o-brilho","tag-podem-a-sabem-como-fazer-para-divulgar","tag-precisa-estar-acima-disso-tudo-e-os-profissionais","tag-primeira-ponte-estaiada-em-curva-do-brasil","tag-principalmente-na-regiao-laguna-sc","tag-qual-o-criterio-de-selecao-das-noticias","tag-sem-que-o-fato-historico-fosse-mencionado-no-fundo-a-pergunta-que-nao-quer-calar-por-que","tag-sempre-houve-espaco-para-manifestacao-e-manipulacao","tag-surpreendendo-seus-fieis-telespectadores","tag-tecnologia-na-construcao-de-pontes","tag-terceira-maior-em-extensao","tag-um-dos-maiores-gargalos-da-br-101","tag-uma-obra-dessa-magnitude"],"_links":{"self":[{"href":"https:\/\/www.motivacao.org\/blog\/wp-json\/wp\/v2\/posts\/6261","targetHints":{"allow":["GET"]}}],"collection":[{"href":"https:\/\/www.motivacao.org\/blog\/wp-json\/wp\/v2\/posts"}],"about":[{"href":"https:\/\/www.motivacao.org\/blog\/wp-json\/wp\/v2\/types\/post"}],"author":[{"embeddable":true,"href":"https:\/\/www.motivacao.org\/blog\/wp-json\/wp\/v2\/users\/1"}],"replies":[{"embeddable":true,"href":"https:\/\/www.motivacao.org\/blog\/wp-json\/wp\/v2\/comments?post=6261"}],"version-history":[{"count":8,"href":"https:\/\/www.motivacao.org\/blog\/wp-json\/wp\/v2\/posts\/6261\/revisions"}],"predecessor-version":[{"id":6277,"href":"https:\/\/www.motivacao.org\/blog\/wp-json\/wp\/v2\/posts\/6261\/revisions\/6277"}],"wp:attachment":[{"href":"https:\/\/www.motivacao.org\/blog\/wp-json\/wp\/v2\/media?parent=6261"}],"wp:term":[{"taxonomy":"category","embeddable":true,"href":"https:\/\/www.motivacao.org\/blog\/wp-json\/wp\/v2\/categories?post=6261"},{"taxonomy":"post_tag","embeddable":true,"href":"https:\/\/www.motivacao.org\/blog\/wp-json\/wp\/v2\/tags?post=6261"}],"curies":[{"name":"wp","href":"https:\/\/api.w.org\/{rel}","templated":true}]}}