{"id":5929,"date":"2015-06-14T09:26:30","date_gmt":"2015-06-14T12:26:30","guid":{"rendered":"http:\/\/www.motivacao.org\/blog\/?p=5929"},"modified":"2015-06-15T17:38:55","modified_gmt":"2015-06-15T20:38:55","slug":"era-uma-vez-um-hamburguer-dra-isabel-costa","status":"publish","type":"post","link":"https:\/\/www.motivacao.org\/blog\/5929","title":{"rendered":"Era Uma Vez um Hamb\u00farguer &#8211; Dra. Isabel Costa"},"content":{"rendered":"<h3 style=\"text-align: center;\"><span style=\"color: #003300;\"><a style=\"color: #003300;\" title=\"Hospedagem com alimenta\u00e7\u00e3o e tratamento holoterap\u00eautico!\" href=\"http:\/\/www.holospa.com.br\" target=\"_blank\"><img loading=\"lazy\" decoding=\"async\" class=\"aligncenter\" src=\"http:\/\/www.motivacao.org\/icones\/Holo_Spa_Vale_Encantado.jpg\" alt=\"Holo Spa - Vale Encantado\" width=\"167\" height=\"63\" border=\"0\" \/><\/a><a style=\"color: #003300;\" title=\"Biomagnetismo M\u00e9dico j\u00e1 chegou no Holo Spa - Vale Encantado!\" href=\"http:\/\/www.motivacao.org\/blog\/1898\" target=\"_blank\"><br \/>\nHOLO SPA \u2013 Vale Encantado<\/a><\/span><\/h3>\n<h3 style=\"text-align: center;\"><span style=\"color: #003300;\">Biomagnetismo M\u00e9dico<\/span><br \/>\n<span style=\"color: #003300;\"> <a style=\"color: #003300;\" title=\"Biomagnetismo M\u00e9dico j\u00e1 chegou no Holo Spa - Vale Encantado!\" href=\"http:\/\/www.motivacao.org\/blog\/1898\" target=\"_blank\">(Medicina do Futuro)!<\/a><\/span><\/h3>\n<h3 style=\"text-align: center;\"><span style=\"color: #003300;\"><a style=\"color: #003300;\" title=\"Pousada anexa ao Holo Spa - Vale Encantado!\" href=\"http:\/\/www.motivacao.org\/blog\/5580\" target=\"_blank\">Holo Pousada<\/a><\/span><br \/>\n<span style=\"color: #003300;\"> <a style=\"color: #003300;\" title=\"Pousada anexa ao Holo Spa - Vale Encantado!\" href=\"http:\/\/www.motivacao.org\/blog\/5580\" target=\"_blank\"> Vale Encantado<\/a><\/span><\/h3>\n<h2 style=\"text-align: center;\"><span style=\"color: #003300;\">Era Uma Vez um<\/span><br \/>\n<span style=\"color: #003300;\"> Hamb\u00farguer<\/span><\/h2>\n<p><span style=\"color: #003300;\">\u00a0<\/span><\/p>\n<h2 class=\"western\" style=\"text-align: center;\"><span style=\"color: #003300;\">Escolham uma vida m\u00e1gica repleta de coisas boas e saud\u00e1veis.<br \/>\n<a title=\"Perfil: Dra. Isabel Costa (Portugal)\" href=\"http:\/\/alquimiaalimentar.com\/index.php?option=com_content&amp;task=view&amp;id=7&amp;Itemid=3\" target=\"_blank\"><img loading=\"lazy\" decoding=\"async\" class=\"alignnone  wp-image-5944\" src=\"http:\/\/www.motivacao.org\/blog\/wp-content\/uploads\/2015\/06\/IsabelCostaAtual.jpg\" alt=\"IsabelCostaAtual\" width=\"473\" height=\"710\" srcset=\"https:\/\/www.motivacao.org\/blog\/wp-content\/uploads\/2015\/06\/IsabelCostaAtual.jpg 639w, https:\/\/www.motivacao.org\/blog\/wp-content\/uploads\/2015\/06\/IsabelCostaAtual-200x300.jpg 200w\" sizes=\"auto, (max-width: 473px) 100vw, 473px\" \/><\/a><br \/>\n<\/span><\/h2>\n<p><span style=\"color: #003300;\"><span style=\"text-decoration: underline;\"><a style=\"color: #003300; text-decoration: underline;\" title=\"Perfil: Dra. Isabel Costa (Portugal)\" href=\"http:\/\/alquimiaalimentar.com\/index.php?option=com_content&amp;task=view&amp;id=7&amp;Itemid=3\" target=\"_blank\">Isabel Costa<\/a> <\/span>\u00e9 nutricionista, palestrante e colaboradora da revista Zen Energy. Nesta entrevista, apresenta o seu mais recente livro, Era Uma Vez um Hamb\u00farguer, um manual de coisas boas onde se presta algum orienta\u00e7\u00e3o \u00e0s m\u00e3es que j\u00e1 n\u00e3o sabem o que dar de comer aos filhos.\u00a0<\/span><\/p>\n<p><span style=\"color: #003300;\">A Organiza\u00e7\u00e3o Mundial da Sa\u00fade indica que mais de 90% das crian\u00e7as portugueses e n\u00e3o s\u00f3, come fast-food , doces e bebe refrigerantes, pelo menos 4 vezes por semana. Menos de 1% das crian\u00e7as bebe \u00e1gua todos os dias e s\u00f3 2% consome fruta fresca diariamente.<\/span><\/p>\n<p><span style=\"color: #003300;\"><strong>ZEN: Quais s\u00e3o as consequ\u00eancias deste fato desastroso?<br \/>\nIC:<\/strong> As consequ\u00eancias s\u00e3o realmente desastrosas. Em 1\u00ba lugar \u00e9 o aumento da obesidade em larga escala com tudo o que acarreta a m\u00e9dio e longo prazo: diabetes, problemas cardiovasculares, problemas \u00f3sseos, etc. Estamos a criar uma gera\u00e7\u00e3o com patologias t\u00e3o graves que, segundo muitos cientistas e m\u00e9dicos, ter\u00e1 dificuldade para sobreviver aos seus pr\u00f3prios pais. Muitas vezes, falamos da preocupa\u00e7\u00e3o em criar um planeta melhor para o futuro, mas estamos a esquecer \u00e9 a qualidade f\u00edsica e emocional dos jovens que estamos a educar para esse planeta\u2026<\/span><\/p>\n<p><span style=\"color: #003300;\"><strong>ZEN: Qual \u00e9 o objetivo principal do seu livro?<br \/>\nIC: <\/strong>O objectivo principal deste livro \u00e9 fornecer ideias de receitas saud\u00e1veis, destinadas a criar momentos de magia entre as m\u00e3es e os filhos que ir\u00e3o permanecer para o resto da vida nas mentes de ambos. Tal como as hist\u00f3rias originais dos contos de fadas que nos contam at\u00e9 aos 7 anos nos ajudam a encontrar a sabedoria natural da nossa alma, e, com ela, a for\u00e7a para lidar com as situa\u00e7\u00f5es mais complexas da vida, neste livro de receitas e hist\u00f3rias estamos a criar associa\u00e7\u00f5es positivas entre os alimentos e o resultado que eles t\u00eam no nosso corpo \u2013 e, por decorr\u00eancia, no corpo dos nossos filhos.<br \/>\n<a title=\"Perfil Wikipedia.pt - Escritora Clara Pinto Correia\" href=\"http:\/\/pt.wikipedia.org\/wiki\/Clara_Pinto_Correia\" target=\"_blank\"><img loading=\"lazy\" decoding=\"async\" class=\"  wp-image-5945 aligncenter\" src=\"http:\/\/www.motivacao.org\/blog\/wp-content\/uploads\/2015\/06\/ClaraPintoCorreia.jpg\" alt=\"ClaraPintoCorreia\" width=\"212\" height=\"250\" \/><\/a><br \/>\n<strong>As hist\u00f3rias foram escritas por &#8220;<a title=\"Clara Pinto Correia - Escritora Portuguesa \" href=\"http:\/\/pt.wikipedia.org\/wiki\/Clara_Pinto_Correia\" target=\"_blank\">Clara Pinto Correia&#8221;<\/a>, numa linguagem moderna para as crian\u00e7as e jovens com grande criatividade, como \u00e9 caracter\u00edstico dela.<\/strong><\/span><strong><span style=\"color: #003300;\"><br \/>\n<\/span><\/strong><\/p>\n<p><strong><span style=\"color: #003300;\">H\u00e1bitos alimentares<\/span><\/strong><\/p>\n<p><strong><span style=\"color: #003300;\">ZEN: Relembra-nos no seu livro que, tal como indicam as v\u00e1rias estat\u00edsticas cred\u00edveis, 90% das nossas doen\u00e7as tem uma origem comportamental. Quais s\u00e3o os h\u00e1bitos que temos de nos livrar imperativamente?<\/span><\/strong><br \/>\n<span style=\"color: #003300;\"> IC: O consumo de a\u00e7\u00facar, de gorduras hidrogenadas, fast-food , refrigerantes, tabaco, \u00e1lcool, droga. Mas, isso n\u00e3o basta, precisamos de nos libertar de pensamentos e emo\u00e7\u00f5es que nos \u2018envenenam\u2019 diariamente.<\/span><\/p>\n<p><span style=\"color: #003300;\"><strong>ZEN: H\u00e1 cada vez mais pessoas com cancro no mundo. Qual \u00e9 a rela\u00e7\u00e3o entre uma m\u00e1 alimenta\u00e7\u00e3o e esta epidemia do s\u00e9c. XXI?<br \/>\nIC: <\/strong>Muitos estudos t\u00eam indicado que uma dieta com um consumo elevado de carnes vermelhas e alimentos de origem animal e consumo reduzido de vegetais e frutas aumenta exponencialmente o risco de c\u00e2ncer ao passo que uma dieta vegetariana protege do mesmo. \u00c9 claro que temos que considerar que o\u00a0c\u00e2ncer n\u00e3o tem uma \u00fanica causa, mas sem d\u00favida que a alimenta\u00e7\u00e3o \u00e9 o fator primordial, assim como o estilo de vida e comportamento.<\/span><\/p>\n<p class=\"western\"><span style=\"color: #003300;\"><b>Consumo de frutas e legumes<\/b><\/span><\/p>\n<p><span style=\"color: #003300;\"><strong>ZEN: Que dicas tem para o consumo de frutas e legumes?<br \/>\nIC: <\/strong>Para crian\u00e7as mais pequenas, fazer mousse com as frutas \u00e9 uma excelente op\u00e7\u00e3o, mas tamb\u00e9m para as mais crescidas, por exemplo, uma mousse de chocolate que as crian\u00e7as tanto gostam pode ser perfeitamente substitu\u00edda por uma mousse feita com banana ou abacate, pera ou p\u00eassego (na \u00e9poca respectiva), \u00e0 qual pode ser adicionado cacau cru, t\u00e2maras e ficar\u00e1 um lanche ou uma sobremesa deliciosa e assim se v\u00e3o mudando h\u00e1bitos. Para os mais crescidos, colocar um pratinho com fruta j\u00e1 descascada e pronta a comer, ou at\u00e9 alguns palitos de cenoura, quando est\u00e3o a estudar incentiva-os a comer, pois est\u00e1 ao lado, f\u00e1cil de comer, poder\u00edamos dizer \u2018 fast-food saud\u00e1vel\u2019. Por vezes, os jovens t\u00eam pregui\u00e7a de descascar e cortar a fruta, mas se estiver pronta a comer, ser\u00e1 mais f\u00e1cil. Estabelecer um quadro de pr\u00eamios associados ao consumo de frutas e legumes tamb\u00e9m \u00e9 um bom est\u00edmulo, tendo em aten\u00e7\u00e3o que a recompensa n\u00e3o pode nem deve ser nunca comida conforto (tipo chocolates, gelados, bolos), mas sim uma atividade ou algo que seja educativo e prazeroso para toda a fam\u00edlia. Dar parab\u00e9ns \u00e0s crian\u00e7as por terem comido todos os legumes e frutas. Relacionar esta vit\u00f3ria com os super-her\u00f3is que s\u00e3o fortes, porque tamb\u00e9m se alimentam desta forma \u00e9 um incentivo para os mais novos. Quem n\u00e3o se lembra do Popeye e dos espinafres? No livro, podem encontrar muitas sugest\u00f5es sobre isto.<\/span><\/p>\n<p><span style=\"color: #003300;\"><strong>Teor de vitaminas e enzimas<\/strong><\/span><\/p>\n<p><span style=\"color: #003300;\"><strong>ZEN: Refere no livro que os germinados t\u00eam grande valor biol\u00f3gico pelo elevado teor de vitaminas e enzimas. Que benef\u00edcios trazem?<br \/>\nIC: <\/strong>Os germinados t\u00eam um alto valor biol\u00f3gico, pois as vitaminas, minerais e antioxidantes ficam potenciados at\u00e9 20 vezes pelo processo de germina\u00e7\u00e3o e, por isso, fortalecem o nosso sistema imunit\u00e1rio, protegem-nos de doen\u00e7as graves (no conjunto de uma alimenta\u00e7\u00e3o equilibrada, claro), estimulam os processos digestivos e tamb\u00e9m t\u00eam poucas calorias.<\/span><\/p>\n<p><span style=\"color: #003300;\"><strong>ZEN: Todos sabemos que frutas e legumes s\u00e3o muito saud\u00e1veis. Mas, o que acha dos problemas de sa\u00fade, at\u00e9 do c\u00e2ncer, que os qu\u00edmicos e pesticidas usados na produ\u00e7\u00e3o dos alimentos para os proteger contra pragas e doen\u00e7as, podem desencadear nos humanos?<br \/>\nIC:<\/strong> Os pesticidas e qu\u00edmicos podem desencadear muitas doen\u00e7as, como alergias, problemas respirat\u00f3rios, danos no f\u00edgado, c\u00e9rebro e sistema nervoso, c\u00e2ncer. Quanto mais expostos estivermos a estas subst\u00e2ncias, maior ser\u00e1 o risco. Parece que 99% das ma\u00e7\u00e3s analisadas pelo EWG ( Envirnomental Working Group) nos EUA no 5\u00ba ano consecutivo tinham qu\u00edmicos. E a lista negra n\u00e3o se resume s\u00f3 \u00e0s ma\u00e7\u00e3s, mas inclui tamb\u00e9m: morangos, uvas, onde num s\u00f3 bago foram encontrados 15 pesticidas diferentes, al\u00e9m do aipo e dos espinafres, expostos a componentes t\u00f3xicos. Comprar produtos biol\u00f3gicos pode proteger-nos deste problema com incid\u00eancias grav\u00edssimas para a nossa sa\u00fade? Com certeza que sim.<\/span><\/p>\n<p><span style=\"color: #003300;\"><strong>Incompatibilidades alimentares <\/strong><\/span><\/p>\n<p><span style=\"color: #003300;\"><strong>ZEN: Pode falar-nos um pouco das incompatibilidades alimentares?<br \/>\nIC: <\/strong>As incompatibilidades alimentares s\u00e3o os conflitos bioqu\u00edmicos resultantes da mistura de determinados alimentos na mesma refei\u00e7\u00e3o e que nos causam v\u00e1rios dist\u00farbios digestivos, incha\u00e7os, sonol\u00eancia, etc. Por exemplo, devemos evitar salada de frutas, porque cont\u00e9m frutas doces e \u00e1cidas, gerando uma fermenta\u00e7\u00e3o alco\u00f3lica. Frutas e verduras tamb\u00e9m n\u00e3o combinam bem. E muito mais.<\/span><\/p>\n<p><span style=\"color: #003300;\"><strong>ZEN: Por que raz\u00e3o \u00e9 t\u00e3o importante comer frutas e legumes da \u00e9poca?<br \/>\nIC: <\/strong>Os alimentos caracter\u00edsticos da esta\u00e7\u00e3o do ano fornecem-nos mais vitalidade e sa\u00fade, uma vez que se encontram dentro do ciclo natural ditado pela sua programa\u00e7\u00e3o gen\u00e9tica \u2013 e, deste modo, tamb\u00e9m est\u00e3o de acordo com as necessidades do ser humano na \u00e9poca e local em que se encontra. Acresce que, quando a planta amadurece no tempo certo, o seu sabor \u00e9 mais intenso. As frutas, por exemplo, t\u00eam mais sabor, o aroma \u00e9 fabuloso, e as suas polpas s\u00e3o mais sumarentas quando s\u00e3o consumidas na \u00e9poca adequada. Quando os alimentos s\u00e3o produzidos fora da esta\u00e7\u00e3o, perdem as suas caracter\u00edsticas naturais, e tamb\u00e9m parte do seu valor nutricional. Nestes per\u00edodos, t\u00eam necessariamente que ser tratadas com mais qu\u00edmicos, o que se tornam prejudiciais para a nossa sa\u00fade e para o meio ambiente. Por isso, em cada esta\u00e7\u00e3o, h\u00e1 um forte conjunto de raz\u00f5es para aconselhar a procura dos alimentos da \u00e9poca. As receitas do livro est\u00e3o estruturadas de acordo com as esta\u00e7\u00f5es do ano e as frutas e legumes de cada \u00e9poca.<\/span><\/p>\n<p><span style=\"color: #003300;\"><strong>Intoler\u00e2ncia ao gl\u00faten e \u00e0 lactose <\/strong><\/span><\/p>\n<p><span style=\"color: #003300;\"><strong>ZEN: Hoje em dia, h\u00e1 cada vez mais crian\u00e7as e adultos intolerantes ao gl\u00faten e \u00e0 lactose, o que torna a sua alimenta\u00e7\u00e3o um desafio constante. o que se pode fazer?<br \/>\nIC:<\/strong> \u00c9 importante fazer alguns exames, especialmente para ver se h\u00e1 alguma possibilidade de ter a doen\u00e7a cel\u00edaca e isso s\u00f3 se consegue confirmar com an\u00e1lises espec\u00edficas ao sangue e at\u00e9 uma biopsia intestinal. N\u00e3o existindo essa gravidade, pode-se fazer algumas altera\u00e7\u00f5es na alimenta\u00e7\u00e3o, eliminando o gl\u00faten e lactose durante um tempo e depois voltar a consumir para perceber a rea\u00e7\u00e3o perante esses alimentos. O corpo fala! \u00c9 preciso ouvir. A maioria das pessoas est\u00e1 t\u00e3o habituada a ter sintomas de incha\u00e7os, distens\u00e3o abdominal, flatul\u00eancia, meteorismo que acham normal! Mas, n\u00e3o \u00e9 normal, comer e ficar inchado \u00e9 sinal de que ingerimos algo incompat\u00edvel ou que n\u00e3o \u00e9 ben\u00e9fico para o nosso corpo. \u00c9 fundamental escrever um di\u00e1rio o mais pormenorizado poss\u00edvel com todos os alimentos que se ingere e os sintomas nas horas seguintes ap\u00f3s essa ingest\u00e3o. Esta \u00e9 uma excelente ferramenta de autoconhecimento n\u00e3o apenas do corpo, mas tamb\u00e9m das emo\u00e7\u00f5es, pois, em geral, a ingest\u00e3o de comida-conforto est\u00e1 associada a emo\u00e7\u00f5es que queremos preencher ou \u2018calar\u2019.<\/span><\/p>\n<p class=\"western\"><strong><span style=\"color: #003300;\">Substitui\u00e7\u00e3o\/alternativas alimentares<\/span><\/strong><\/p>\n<p><span style=\"color: #003300;\"><strong>ZEN: Que alternativas saud\u00e1veis h\u00e1 para substituir o a\u00e7\u00facar?<br \/>\nIC: <\/strong>As alternativas mais saud\u00e1veis ao a\u00e7\u00facar s\u00e3o a fruta fresca, os frutos secos (t\u00e2maras, alperces, sultanas, figos) que podem ser hidratados e transformados em pur\u00e9, a\u00e7\u00facar de coco, geleia de arroz.<\/span><\/p>\n<p><span style=\"color: #003300;\"><strong>ZEN: Que alternativas existem para os queijos l\u00e1cteos?<br \/>\nIC: <\/strong>Eu ensino no livro e nos workshops excelentes op\u00e7\u00f5es com am\u00eandoa, cajus, pinh\u00f5es, macad\u00e2mias e tremo\u00e7o. Com estes ingredientes podemos obter preparados tipo \u2018queijo parmes\u00e3o\u2019 cremosos ou mesmo \u2018queijo\u2019 de cortar \u00e0 faca. S\u00e3o muito nutritivos e saud\u00e1veis. Adiciona-se acid\u00f3filos e temperos a gosto. Podem ser desidratados ou n\u00e3o. <\/span><\/p>\n<p class=\"western\"><strong><span style=\"color: #003300;\">Conselho para uma alimenta\u00e7\u00e3o saud\u00e1vel<\/span><\/strong><\/p>\n<p><span style=\"color: #003300;\"><strong>ZEN: Que conselho d\u00e1 \u00e0s m\u00e3es e geralmente aos pais que t\u00eam a consci\u00eancia de que precisam melhorar a sua alimenta\u00e7\u00e3o e das suas crian\u00e7as mas, n\u00e3o sabem por onde come\u00e7ar?<br \/>\nIC: <\/strong>Em primeiro lugar, creio que \u00e9 necess\u00e1rio parar, refletir e, at\u00e9, escreverem o que costumam comer. Verifiquem a quantidade de fruta, vegetais e legumes que comem diariamente. Leiam os r\u00f3tulos dos alimentos que compram embalados! Evitem comer tudo o que n\u00e3o se deteriora naturalmente, \u00e9 sinal que tem demasiados qu\u00edmicos. Informem-se. Hoje em dia, existem muitos workshops e aulas de alimenta\u00e7\u00e3o saud\u00e1vel. Fa\u00e7am as vossas experi\u00eancias nessa \u00e1rea. Permitam-se sair das cren\u00e7as, da publicidade, da zona de conforto e dar um novo passo para uma vida mais saud\u00e1vel. O vosso corpo agradece, os vossos filhos tamb\u00e9m. Escolham uma vida m\u00e1gica repleta de coisas boas e saud\u00e1veis. Est\u00e1 tudo ao nosso alcance!<\/span><\/p>\n<p><a title=\"Entrevista ZEN: Isabel Costa, nutricionista e palestrante!\" href=\"http:\/\/alquimiaalimentar.com\/index.php?option=com_content&amp;task=view&amp;id=347\" target=\"_blank\"><span style=\"color: #003300;\">\u00a0Fonte:<\/span> http:\/\/alquimiaalimentar.com\/index.php?option=com_content&amp;task=view&amp;id=347<\/a><\/p>\n","protected":false},"excerpt":{"rendered":"<p>HOLO SPA \u2013 Vale Encantado Biomagnetismo M\u00e9dico (Medicina do Futuro)! Holo Pousada Vale Encantado Era Uma Vez um Hamb\u00farguer \u00a0 Escolham uma vida m\u00e1gica repleta de coisas boas e saud\u00e1veis. Isabel Costa \u00e9 nutricionista, palestrante e colaboradora da revista Zen&#8230;<a href=\"https:\/\/www.motivacao.org\/blog\/5929\">Read More&#8230;<\/a><\/p>\n","protected":false},"author":1,"featured_media":0,"comment_status":"open","ping_status":"open","sticky":false,"template":"","format":"standard","meta":{"footnotes":""},"categories":[5,21,10,24,239,8354,8],"tags":[12650,1601,12646,12655,12659,12658,12654,12669,512,12656,12647,12672,12644,12670,12667,12666,12649,12668,12653,12652,12662,12657,12661,12660,2350,12648,12663,12671,12664,12651,12665,12645],"class_list":["post-5929","post","type-post","status-publish","format-standard","hentry","category-auto-ajuda","category-campanhas","category-ciencia","category-curiosidades","category-mensagens","category-noticias","category-outros-autores","tag-apresenta-o-seu-mais-recente-livro","tag-alcool","tag-coisas-boas-e-saudaveis","tag-come-fast-food","tag-consequencias-deste-fato-desastroso","tag-consome-fruta-fresca-diariamente","tag-criancas-portugueses","tag-de-gorduras-hidrogenadas","tag-diabetes","tag-doces-e-bebe-refrigerantes","tag-dra-isabel-costa","tag-droga","tag-era-uma-vez-um-hamburguer","tag-fast-food","tag-historias-originais-dos-contos-de-fadas","tag-mas-estamos-a-esquecer-e-a-qualidade-fisica","tag-nesta-entrevista","tag-o-consumo-de-acucar","tag-organizacao-mundial-da-saude","tag-orientacao-as-maes","tag-patologias-tao-graves-que","tag-pelo-menos-4-vezes-por-semana","tag-problemas-osseos","tag-problemas-cardiovasculares","tag-refrigerantes","tag-revista-zen-energy","tag-segundo-muitos-cientistas-e-medicos","tag-tabaco","tag-tera-dificuldade-para-sobreviver","tag-um-manual-de-coisas-boas","tag-um-planeta-melhor-para-o-futuro","tag-uma-vida-magica"],"_links":{"self":[{"href":"https:\/\/www.motivacao.org\/blog\/wp-json\/wp\/v2\/posts\/5929","targetHints":{"allow":["GET"]}}],"collection":[{"href":"https:\/\/www.motivacao.org\/blog\/wp-json\/wp\/v2\/posts"}],"about":[{"href":"https:\/\/www.motivacao.org\/blog\/wp-json\/wp\/v2\/types\/post"}],"author":[{"embeddable":true,"href":"https:\/\/www.motivacao.org\/blog\/wp-json\/wp\/v2\/users\/1"}],"replies":[{"embeddable":true,"href":"https:\/\/www.motivacao.org\/blog\/wp-json\/wp\/v2\/comments?post=5929"}],"version-history":[{"count":15,"href":"https:\/\/www.motivacao.org\/blog\/wp-json\/wp\/v2\/posts\/5929\/revisions"}],"predecessor-version":[{"id":5947,"href":"https:\/\/www.motivacao.org\/blog\/wp-json\/wp\/v2\/posts\/5929\/revisions\/5947"}],"wp:attachment":[{"href":"https:\/\/www.motivacao.org\/blog\/wp-json\/wp\/v2\/media?parent=5929"}],"wp:term":[{"taxonomy":"category","embeddable":true,"href":"https:\/\/www.motivacao.org\/blog\/wp-json\/wp\/v2\/categories?post=5929"},{"taxonomy":"post_tag","embeddable":true,"href":"https:\/\/www.motivacao.org\/blog\/wp-json\/wp\/v2\/tags?post=5929"}],"curies":[{"name":"wp","href":"https:\/\/api.w.org\/{rel}","templated":true}]}}