{"id":5375,"date":"2014-03-18T18:01:14","date_gmt":"2014-03-18T21:01:14","guid":{"rendered":"http:\/\/www.motivacao.org\/blog\/?p=5375"},"modified":"2015-07-14T12:56:13","modified_gmt":"2015-07-14T15:56:13","slug":"reiki-usui-curso-nivel-ii","status":"publish","type":"post","link":"https:\/\/www.motivacao.org\/blog\/5375","title":{"rendered":"REIKI USUI &#8220;Curso N\u00edvel II&#8221;"},"content":{"rendered":"<pre style=\"text-align: center;\"><span style=\"color: #003300;\">Terapia de Recodifica\u00e7\u00e3o<a style=\"color: #003300;\" title=\"Hospedagem com alimenta\u00e7\u00e3o e tratamento holoterap\u00eautico!\" href=\"http:\/\/www.holospa.com.br\/blog\" target=\"_blank\"><img loading=\"lazy\" decoding=\"async\" class=\"aligncenter\" src=\"http:\/\/www.motivacao.org\/icones\/Holo_Spa_Vale_Encantado.jpg\" alt=\"Holo Spa - Vale Encantado\" width=\"183\" height=\"69\" border=\"0\" \/><\/a>Biomagnetismo M\u00e9dico\r\n  <a style=\"color: #003300;\" title=\"Biomagnetismo M\u00e9dico j\u00e1 chegou no Holo Spa - Vale Encantado!\" href=\"http:\/\/www.motivacao.org\/blog\/1898\" target=\"_blank\">(Medicina do Futuro)!<\/a><\/span><\/pre>\n<pre style=\"text-align: center;\"><span style=\"color: #003300;\"><iframe loading=\"lazy\" src=\"http:\/\/apps.sistema.radio.br\/BRGallery\/index.php\/player\/view\/wood;95;31;aHR0cDovL3JhZGlvd2ViaW1tYi5jb20uYnIvYXBwLnBsYXllci5waHA=;false\" width=\"95px\" height=\"31px\" frameborder=\"0\" scrolling=\"NO\"><\/iframe>R\u00e1dio Web Immb<\/span><\/pre>\n<h2 style=\"text-align: center;\"><span style=\"color: #003300;\"><strong>Curso N\u00edvel II \u201cREIKI USUI\u201d<\/strong><\/span><\/h2>\n<div style=\"text-align: center;\">\n<h2 style=\"text-align: center;\"><span style=\"color: #003300;\"><strong>Data:26\/07\/2015.<\/strong><\/span><\/h2>\n<p><span style=\"color: #003300;\"><strong>Fundamenta\u00e7\u00e3o Hol\u00edstica e N\u00edvel &#8220;<span class=\"il\">II<\/span>&#8221; do <span class=\"il\">REIKI<\/span> USUI.<\/strong><\/span><\/p>\n<div>\n<p><span style=\"color: #003300;\"><strong style=\"color: #003300;\">Ministrado por:<\/strong><\/span><\/p>\n<p style=\"text-align: center;\"><span style=\"color: #003300;\"><strong> Aurina Vieira Coelho = Mestre <span class=\"il\">Reiki<\/span>\/Acupunturista<br \/>\n&amp;<br \/>\nEg\u00eddio Garcia Coelho = Parapsic\u00f3logo Holoterapeuta<\/strong><\/span><\/p>\n<p><span style=\"color: #003300;\"><strong><a style=\"color: #003300;\" href=\"http:\/\/www.motivacao.org\/blog\/1898\" target=\"_blank\"><img loading=\"lazy\" decoding=\"async\" class=\"  wp-image-6253 aligncenter\" src=\"http:\/\/www.motivacao.org\/blog\/wp-content\/uploads\/2014\/03\/EgidioAurinaOlhar.jpg\" alt=\"EgidioAurinaOlhar\" width=\"400\" height=\"271\" srcset=\"https:\/\/www.motivacao.org\/blog\/wp-content\/uploads\/2014\/03\/EgidioAurinaOlhar.jpg 570w, https:\/\/www.motivacao.org\/blog\/wp-content\/uploads\/2014\/03\/EgidioAurinaOlhar-300x203.jpg 300w\" sizes=\"auto, (max-width: 400px) 100vw, 400px\" \/><\/a>Local:<a style=\"color: #003300;\" href=\"http:\/\/www.motivacao.org\/blog\/wp-content\/uploads\/2014\/03\/EgidioAurinaOlhar.jpg\"><br \/>\n<\/a><a style=\"color: #003300; text-decoration: underline;\" title=\"GoogleMaps - Holo Spa - Vale Encantado!\" href=\"https:\/\/www.google.com\/maps\/d\/u\/0\/edit?hl=pt-BR&amp;authuser=0&amp;mid=zA5_TARSzY28.k1PXU53CUEdQ\" target=\"_blank\">Holo Spa &#8211; Vale Encantado<\/a><\/strong><strong><br \/>\n\u201cUm para\u00edso a sua espera\u201d<br \/>\n<a style=\"color: #003300;\" href=\"http:\/\/www.motivacao.org\/blog\" target=\"_blank\"><img loading=\"lazy\" decoding=\"async\" class=\"alignnone  wp-image-6035\" src=\"http:\/\/www.motivacao.org\/blog\/wp-content\/uploads\/2010\/02\/cropped-pub21-1024x300.jpg\" alt=\"cropped-pub21.jpg\" width=\"711\" height=\"208\" srcset=\"https:\/\/www.motivacao.org\/blog\/wp-content\/uploads\/2010\/02\/cropped-pub21.jpg 1024w, https:\/\/www.motivacao.org\/blog\/wp-content\/uploads\/2010\/02\/cropped-pub21-300x88.jpg 300w\" sizes=\"auto, (max-width: 711px) 100vw, 711px\" \/><\/a><a style=\"color: #003300;\" href=\"http:\/\/www.motivacao.org\/blog\/wp-content\/uploads\/2014\/03\/EgidioAurinaOlhar.jpg\"><br \/>\n<\/a>Nas matas de Rancho Queimado &#8211; SC em meio \u00e0 58.000 m\u00b2 de natureza e simplicidade<br \/>\ncom altitude superior a\u00a0900 metros, numa exuberante paisagem que proporciona um<br \/>\ngratificante resgate das nossas mais remotas origens.<\/strong><\/span><\/p>\n<p><span style=\"color: #003300;\"><strong style=\"color: #003300;\">Data:<\/strong><\/span><\/p>\n<p style=\"text-align: center;\"><span style=\"color: #003300;\"><strong> Dia 26 de julho de 2015.<\/strong><\/span><\/p>\n<\/div>\n<div>\n<p><span style=\"color: #003300;\"><strong style=\"color: #003300;\">Vagas Limitadas<\/strong><\/span><\/p>\n<p><span style=\"color: #003300;\"><strong>Investimento e forma de pagamento:<\/strong><\/span><\/p>\n<p><span style=\"color: #003300;\"><strong>Antecipado at\u00e9 10\/07\/2015\u2026\u2026\u2026\u2026\u2026\u2026\u2026 = R$ 210,00<\/strong><\/span><\/p>\n<\/div>\n<p style=\"text-align: center;\"><span style=\"color: #003300;\"><strong> Pagamento ap\u00f3s 10\/07\/2015 ou na data\u2026.. = R$ 220,00<br \/>\nIncluso: Curso, alimenta\u00e7\u00e3o e certificado.<br \/>\n<\/strong><\/span><\/p>\n<p style=\"text-align: center;\"><span style=\"color: #003300;\"><strong>Oportunidade:<br \/>\nChegada em 25\/JUL (hospedagem, alimenta\u00e7\u00e3o e palestra)<br \/>\nacr\u00e9scimo de R$ 80,00* = Incluso:<br \/>\nUma Di\u00e1ria\/Pernoite, alimenta\u00e7\u00e3o, palestra\u00a0 e certificado.<br \/>\nTotal = R$ 300,00<\/strong><\/span><\/p>\n<p style=\"text-align: center;\"><span style=\"color: #003300;\"><strong>Parcelado no Cart\u00e3o (Antecipado)\u2026.. = R$ 320,00<\/strong><\/span><\/p>\n<\/div>\n<div style=\"text-align: center;\">\n<p style=\"text-align: center;\"><span style=\"color: #003300;\"><strong>Dep\u00f3sito\/Transfer\u00eancia:<br \/>\nBanco do Brasil Ag. 5317-1 C\/C 182329-9<br \/>\nFavorecida: Aurina Vieira Coelho.<br \/>\n<\/strong><\/span><\/p>\n<h2><strong><span style=\"color: #003300;\">Realiza\u00e7\u00e3o:<\/span><\/strong><br \/>\n<span style=\"color: #003300;\"> <a style=\"color: #003300;\" href=\"https:\/\/www.facebook.com\/pages\/Escola-Mariana-Nova-Vida\/204100053007284?ref=hl\" target=\"_blank\"><strong><span style=\"text-decoration: underline;\">Escola Mariana Nova Vida<\/span><\/strong><br \/>\n<\/a>Programa\u00e7\u00e3o e Datas:<\/span><\/h2>\n<p><span style=\"color: #003300;\"><strong style=\"color: #003300;\">S\u00e1bado<\/strong><\/span><\/p>\n<\/div>\n<p style=\"text-align: center;\"><span style=\"color: #003300;\"><strong> &#8211; Dia 25 de julho de 2015.<br \/>\nA partir das 12h00 Unidades habitacionais a disposi\u00e7\u00e3o.<br \/>\n<\/strong><\/span><\/p>\n<div style=\"text-align: center;\"><span style=\"color: #003300;\"><strong>1) Para quem chegar na v\u00e9spera*.<br \/>\n&#8211; 1.1 Acomoda\u00e7\u00e3o em apto reservado.<br \/>\n&#8211; 1.2 Yoga Medita\u00e7\u00e3o e Sil\u00eancio = 18:30 horas<br \/>\n&#8211; 1.3 Jantar = 20:00 horas<br \/>\n&#8211; 1.4\u00a0 = Palestra &#8220;O Grande Poder da Realiza\u00e7\u00e3o&#8221; = 21:00 horas<\/strong><\/span><\/div>\n<p style=\"text-align: center;\"><span style=\"color: #003300;\"><strong>Domingo<br \/>\n&#8211; Dia 26 de julho de 2015.<br \/>\n&#8211; Caf\u00e9 da Manh\u00e3 = 08h00min*<br \/>\n&#8211; Das 09h00min \u00e0s 17h30min (atividades)<\/strong><\/span><\/p>\n<p style=\"text-align: center;\"><span style=\"color: #003300;\"><strong>2) <span class=\"il\">REIKI<\/span> (Fundamenta\u00e7\u00e3o\/S\u00edmbolos e Inicia\u00e7\u00e3o):<br \/>\n&#8211; 2.1 Apresenta\u00e7\u00f5es<br \/>\n&#8211; 2.2 Fundamenta\u00e7\u00e3o e apresenta\u00e7\u00e3o dos s\u00edmbolos<br \/>\n&#8211; 2.3 Utiliza\u00e7\u00e3o dos s\u00edmbolos do <span class=\"il\">Reiki<\/span>.<br \/>\n&#8211; 2.4 Almo\u00e7o \u00e0s 12h30min<br \/>\n&#8211; 2.5 A partir das 13h30min = Inicia\u00e7\u00e3o N\u00edvel II<br \/>\ne Pr\u00e1ticas\/Din\u00e2micas de Cura.<br \/>\n&#8211; 2.6 Fala o Cora\u00e7\u00e3o = 17h00min<br \/>\n&#8211; 2.7 Encerramento = 17h30min<\/strong><\/span><\/p>\n<p style=\"text-align: center;\"><span style=\"color: #003300;\"><strong>P\u00fablico Alvo:<br \/>\nAlunos com <span style=\"text-decoration: underline;\"><a style=\"color: #003300; text-decoration: underline;\" title=\"REIKI USUI \u201cCurso N\u00edvel I\u201d em 14\/12\/2014.\" href=\"http:\/\/www.motivacao.org\/blog\/5402\" target=\"_blank\">n\u00edvel &#8220;I&#8221; de <span class=\"il\">REIKI<\/span><\/a><\/span> que buscam aprofundamento na<br \/>\narte de curar pelas m\u00e3os fazendo uso das\u00a0 \u201cENERGIAS DO <span class=\"il\">REIKI<\/span>\u201d.<\/strong><\/span><\/p>\n<div style=\"text-align: center;\"><span style=\"color: #003300;\"><strong style=\"color: #003300;\">Recursos Aplicados:<\/strong><\/span><\/div>\n<p style=\"text-align: center;\"><span style=\"color: #003300;\"><strong>\u00a0 Neurolingu\u00edstica Aplicada, Din\u00e2micas de Grupo, Din\u00e2micas de Cura com a <span class=\"il\">REIKI<\/span>,<br \/>\ndentro de um Processo Neuro Associativo.<\/strong><\/span><\/p>\n<p style=\"text-align: center;\"><span style=\"color: #003300;\"><strong>Resultados Esperados:<br \/>\nConquista de Autoestima, Higiene Mental, Disciplina, Perd\u00e3o, Aceita\u00e7\u00e3o, Alegria de<br \/>\nViver\u2026 Vencer Medos, M\u00e1goas, Ansiedade, Stress, Depress\u00e3o\u2026<\/strong><\/span><\/p>\n<p style=\"text-align: center;\"><span style=\"color: #003300;\"><strong>Reservas:<\/strong><\/span><\/p>\n<p style=\"text-align: center;\"><span style=\"color: #003300;\"><strong><span style=\"text-decoration: underline;\"><a style=\"color: #003300; text-decoration: underline;\" href=\"http:\/\/www.holospa.com.br\/blog\" target=\"_blank\">Holo Spa &#8211; Vale Encantado<\/a><\/span><br \/>\nEstrada Geral de Vargedo &#8211; Vargedo<br \/>\nRancho Queimado &#8211; SC.<br \/>\nFones: (48) 4052-9209 e (11) 3522-6943<br \/>\nCel: (48) 9937-9710 e (48) 9982-3401<br \/>\ne-mail: holospa@holospa.com.br<\/strong><\/span><\/p>\n<div style=\"text-align: center;\">\n<h3 style=\"text-align: center;\"><span style=\"text-decoration: underline; color: #003300;\"><strong><a style=\"color: #003300; text-decoration: underline;\" title=\"Biomagnetismo M\u00e9dico j\u00e1 chegou no Holo Spa - Vale Encantado!\" href=\"http:\/\/www.motivacao.org\/blog\/1898\" target=\"_blank\">Biomagnetismo M\u00e9dico (Medicina do Futuro)!<\/a><\/strong><\/span><\/h3>\n<h2 class=\"post-title\"><span style=\"text-decoration: underline; color: #003300;\"><strong><a style=\"color: #003300; text-decoration: underline;\" title=\"Permanent Link: REIKI USUI \u201cCurso N\u00edvel I\u201d\" href=\"http:\/\/www.motivacao.org\/blog\/5402\" target=\"_blank\" rel=\"bookmark\">REIKI USUI &#8220;Curso N\u00edvel I<\/a>&#8220;<\/strong><\/span><\/h2>\n<h2 class=\"post-title\"><span style=\"text-decoration: underline; color: #003300;\"><strong><a style=\"color: #003300; text-decoration: underline;\" title=\"Permanent Link: Curso N\u00edvel III REIKI USUI\" href=\"http:\/\/www.motivacao.org\/blog\/5546\" rel=\"bookmark\">REIKI USUI &#8220;Curso N\u00edvel III<\/a>&#8220;<\/strong><\/span><\/h2>\n<\/div>\n","protected":false},"excerpt":{"rendered":"<p>Terapia de Recodifica\u00e7\u00e3oBiomagnetismo M\u00e9dico (Medicina do Futuro)! R\u00e1dio Web Immb Curso N\u00edvel II \u201cREIKI USUI\u201d Data:26\/07\/2015. Fundamenta\u00e7\u00e3o Hol\u00edstica e N\u00edvel &#8220;II&#8221; do REIKI USUI. Ministrado por: Aurina Vieira Coelho = Mestre Reiki\/Acupunturista &amp; Eg\u00eddio Garcia Coelho = Parapsic\u00f3logo Holoterapeuta Local:&#8230;<a href=\"https:\/\/www.motivacao.org\/blog\/5375\">Read More&#8230;<\/a><\/p>\n","protected":false},"author":1,"featured_media":0,"comment_status":"open","ping_status":"open","sticky":false,"template":"","format":"standard","meta":{"footnotes":""},"categories":[5,29,10473,6206,8354,33,7],"tags":[11672,263,9680,11668,1188,11671,11673,11601,9677,86,11604,9675,3401,8159,9679,8550,11676,2262,11674,11675,11669,111,11667,2469,87],"class_list":["post-5375","post","type-post","status-publish","format-standard","hentry","category-auto-ajuda","category-convite","category-eventos-no-holo-spa","category-holo-spa-vale-encantado","category-noticias","category-oportunidade","category-saude","tag-11672","tag-aceitacao","tag-alegria-de-viver-vencer-medos","tag-alunos-com-nivel-i-de-reiki","tag-ansiedade","tag-aurina-vieira-coelho-mestre-reikiacupunturista","tag-chegada-em-1705","tag-conquista-de-autoestima","tag-dentro-de-um-processo-neuro-associativo","tag-depressao","tag-dinamicas-de-cura-com-a-reiki","tag-dinamicas-de-grupo","tag-disciplina","tag-egidio-garcia-coelho-parapsicologo-holoterapeuta","tag-higiene-mental","tag-holoterapia","tag-hospedagem","tag-magoas","tag-nas-matas-de-rancho-queimado","tag-natureza-e-simplicidade","tag-neorolinguistica-aplicada","tag-perdao","tag-reiki-usui-curso-nivel-ii","tag-stress","tag-tratamento"],"_links":{"self":[{"href":"https:\/\/www.motivacao.org\/blog\/wp-json\/wp\/v2\/posts\/5375","targetHints":{"allow":["GET"]}}],"collection":[{"href":"https:\/\/www.motivacao.org\/blog\/wp-json\/wp\/v2\/posts"}],"about":[{"href":"https:\/\/www.motivacao.org\/blog\/wp-json\/wp\/v2\/types\/post"}],"author":[{"embeddable":true,"href":"https:\/\/www.motivacao.org\/blog\/wp-json\/wp\/v2\/users\/1"}],"replies":[{"embeddable":true,"href":"https:\/\/www.motivacao.org\/blog\/wp-json\/wp\/v2\/comments?post=5375"}],"version-history":[{"count":22,"href":"https:\/\/www.motivacao.org\/blog\/wp-json\/wp\/v2\/posts\/5375\/revisions"}],"predecessor-version":[{"id":6259,"href":"https:\/\/www.motivacao.org\/blog\/wp-json\/wp\/v2\/posts\/5375\/revisions\/6259"}],"wp:attachment":[{"href":"https:\/\/www.motivacao.org\/blog\/wp-json\/wp\/v2\/media?parent=5375"}],"wp:term":[{"taxonomy":"category","embeddable":true,"href":"https:\/\/www.motivacao.org\/blog\/wp-json\/wp\/v2\/categories?post=5375"},{"taxonomy":"post_tag","embeddable":true,"href":"https:\/\/www.motivacao.org\/blog\/wp-json\/wp\/v2\/tags?post=5375"}],"curies":[{"name":"wp","href":"https:\/\/api.w.org\/{rel}","templated":true}]}}