{"id":4717,"date":"2012-11-17T10:44:04","date_gmt":"2012-11-17T13:44:04","guid":{"rendered":"http:\/\/www.motivacao.org\/blog\/?p=4717"},"modified":"2023-09-29T11:14:39","modified_gmt":"2023-09-29T14:14:39","slug":"andaimes-da-construcao-2","status":"publish","type":"post","link":"https:\/\/www.motivacao.org\/blog\/4717","title":{"rendered":"Andaimes da Constru\u00e7\u00e3o"},"content":{"rendered":"<p style=\"text-align: center;\"><strong>R\u00e1dio Web Vale Encantado<\/strong><br \/><a href=\"http:\/\/www.valeencantado.eco.br\/\" target=\"_blank\" rel=\"noopener\"><img loading=\"lazy\" decoding=\"async\" class=\"  wp-image-6704 aligncenter\" src=\"http:\/\/www.motivacao.org\/blog\/wp-content\/uploads\/2017\/12\/RadioWebNovaCapa-300x114.png\" sizes=\"auto, (max-width: 534px) 100vw, 534px\" srcset=\"https:\/\/www.motivacao.org\/blog\/wp-content\/uploads\/2017\/12\/RadioWebNovaCapa-300x114.png 300w, https:\/\/www.motivacao.org\/blog\/wp-content\/uploads\/2017\/12\/RadioWebNovaCapa.png 820w\" alt=\"RadioWebNovaCapa\" width=\"534\" height=\"203\" \/><\/a><\/p>\n<div id=\"content\">\n<div id=\"nav\">\n<div id=\"player\" class=\"bg-gray\">\n<div class=\"rf-player player-1 \">\n<div class=\"rf-width-control\">\n<div class=\"rf-padding-control\">\n<div class=\"rf-player-container\">\n<div id=\"rf-player-container\">\n<div class=\"rf-player-background\"><span class=\"social-item\"><a href=\"https:\/\/www.facebook.com\/egidiogarcia.coelho\" target=\"_blank\" rel=\"nofollow noopener\"><img decoding=\"async\" title=\"Facebook\" src=\"https:\/\/s3-sa-east-1.amazonaws.com\/radiofacil-assets\/compressed\/img\/website\/social\/facebook.png?_t=27949253b57c4291faf9cdd8ca09b0fb\" alt=\"Facebook\" \/><\/a><\/span><span class=\"social-item\"><a href=\"https:\/\/plus.google.com\/+EgidioGarciaCoelho\" target=\"_blank\" rel=\"nofollow noopener\"><img decoding=\"async\" title=\"Google+\" src=\"https:\/\/s3-sa-east-1.amazonaws.com\/radiofacil-assets\/compressed\/img\/website\/social\/googleplus.png?_t=27949253b57c4291faf9cdd8ca09b0fb\" alt=\"Google+\" \/><\/a><\/span><span class=\"social-item\"><a href=\"https:\/\/www.instagram.com\/egidioimmb\/\" target=\"_blank\" rel=\"nofollow noopener\"><img decoding=\"async\" title=\"Instagram\" src=\"https:\/\/s3-sa-east-1.amazonaws.com\/radiofacil-assets\/compressed\/img\/website\/social\/instagram.png?_t=27949253b57c4291faf9cdd8ca09b0fb\" alt=\"Instagram\" \/><\/a><\/span><span class=\"social-item\"><a href=\"https:\/\/twitter.com\/egidioimmb\" target=\"_blank\" rel=\"nofollow noopener\"><img decoding=\"async\" title=\"Twitter\" src=\"https:\/\/s3-sa-east-1.amazonaws.com\/radiofacil-assets\/compressed\/img\/website\/social\/twitter.png?_t=27949253b57c4291faf9cdd8ca09b0fb\" alt=\"Twitter\" \/><\/a><\/span><span class=\"social-item\"><a href=\"http:\/\/radiowebimmb.com.br\/contato\/\" target=\"_blank\" rel=\"nofollow noopener\"><img decoding=\"async\" title=\"Whatsapp\" src=\"https:\/\/s3-sa-east-1.amazonaws.com\/radiofacil-assets\/compressed\/img\/website\/social\/whatsapp.png?_t=27949253b57c4291faf9cdd8ca09b0fb\" alt=\"Whatsapp\" \/><\/a><\/span><span class=\"social-item\"><a href=\"https:\/\/www.youtube.com\/user\/egidioimmb\" target=\"_blank\" rel=\"nofollow noopener\"><img decoding=\"async\" title=\"Youtube\" src=\"https:\/\/s3-sa-east-1.amazonaws.com\/radiofacil-assets\/compressed\/img\/website\/social\/youtube.png?_t=27949253b57c4291faf9cdd8ca09b0fb\" alt=\"Youtube\" \/><\/a><\/span><\/div>\n<\/div>\n<\/div>\n<\/div>\n<\/div>\n<\/div>\n<\/div>\n<\/div>\n<\/div>\n<h2 style=\"text-align: center;\"><strong>\u00a0<\/strong><\/h2>\n<h1 style=\"text-align: center;\"><span style=\"color: #003300;\">Andaimes<br \/>da<br \/>Constru\u00e7\u00e3o<br \/>.<br \/>.<br \/>.<br \/><\/span><\/h1>\n<p><span style=\"color: #003300;\">Por: <a style=\"color: #003300;\" title=\"Eg\u00eddio Garcia Coelho - Terapeuta RTA-9094384\" href=\"https:\/\/holo-pousada-vale-encantado.amenitiz.io\/pt\" target=\"_blank\" rel=\"noopener\">Eg\u00eddio Garcia Coelho<\/a><br \/><a href=\"https:\/\/valeencantado.eco.br\">https:\/\/valeencantado.eco.br<\/a><\/span><\/p>\n<p><span style=\"color: #003300;\">Andaimes da Constru\u00e7\u00e3o<\/span><\/p>\n<p><span style=\"color: #003300;\">Estamos acostumados a encontrar por entre os tantos arranha c\u00e9us que j\u00e1 existem, alguns tapumes de obras, acobertando o nascimento\/constru\u00e7\u00e3o de uma nova obra (edif\u00edcio), onde quase sempre, o arquiteto procura fazer com que, ao ficar pronta, possa ostent\u00e1-la com superioridade em beleza e praticidade entre as demais.<\/span><\/p>\n<p><span style=\"color: #003300;\">Quero fazer desse par\u00e1grafo uma alegoria, comparando com nossa vida at\u00e9 atingirmos a maturidade espiritual, entre quarenta e quarenta e cinco anos. (Em AT-An\u00e1lise Transacional, por ciclos de 7 anos, chega-se na maturidade espiritual entre 49 e 56 anos, se n\u00e3o me falha a mem\u00f3ria).<\/span><\/p>\n<p><span style=\"color: #003300;\">Dado a arcaica pedagogia que ainda nos submetem, nossos talentos, quase sempre, s\u00e3o castrados pela equival\u00eancia de notas que sofremos, principalmente nos primeiros anos de estudos.\u00a0 Considerando <\/span><span style=\"color: #003300;\"> que tantos semelhantes, por falta de interesse ou outras dificuldades, est\u00e3o fora da escola, reconhecemos <\/span><span style=\"color: #003300;\">mesmo assim, ser esses estudos privilegio de poucos.<br \/><\/span><\/p>\n<p><span style=\"color: #003300;\"><br \/>Crescemos aprendendo a nos adaptar gradativamente a uma luta constante de disputa por espa\u00e7o e poder, t\u00e3o forte que, j\u00e1 nos nossos primeiros passos, quando temos acesso a algum objeto, conseguindo segur\u00e1-lo nas m\u00e3os, nos sentimos donos, reagindo defensivamente se algu\u00e9m amea\u00e7a tir\u00e1-lo de nossas m\u00e3os.<\/span><\/p>\n<p><span style=\"color: #003300;\">Sabemos que nossos egos podem vir desenvolvidos geneticamente e tamb\u00e9m por instinto pela influ\u00eancia de reinos ou exist\u00eancias anteriores, fazendo de nossa mente uma escrava fiel desses, durante nossa exist\u00eancia.<\/span><\/p>\n<p><span style=\"color: #003300;\">Para fazer sentido o texto, devemos considerar aqui os egos, como sendo os Sete Pecados Capitais, fugindo da nossa psicologia convencional. Costumo usar para represent\u00e1-los a sigla SALIGIP, sendo eles: Soberba, Avareza, Lux\u00faria, Ira, Gula, Inveja e a Pregui\u00e7a.<\/span><\/p>\n<p><span style=\"color: #003300;\">Aprendemos com nossos esfor\u00e7os, buscando nos estudos, desde o ensino fundamental at\u00e9 a forma\u00e7\u00e3o acad\u00eamica ou mesmo somente na escola da vida, que para se obter sucesso, <\/span><span style=\"color: #003300;\">precisamos <\/span><span style=\"color: #003300;\">adquirir habilidades para: Liderar, Economizar, Usufruir de Prazer, Agir, Ser Independente, Ter Ambi\u00e7\u00e3o Sadia, Descansar, etc., como b\u00e1sico entre tantas <\/span><span style=\"color: #003300;\">outras <\/span><span style=\"color: #003300;\"> necessidades <a title=\"O COMPORTAMENTO E A MOTIVA\u00c7\u00c3O HUMANA - (A teoria de Maslow)\" href=\"http:\/\/www.recantodasletras.com.br\/resenhas\/1625792\" target=\"_blank\" rel=\"noopener\">( A teoria de Maslow)<\/a>.<\/span><\/p>\n<p><span style=\"color: #003300;\">Ilustrando com nossa alegoria, n<\/span><span style=\"color: #003300;\">a constru\u00e7\u00e3o da nossa obra, ou seja, nossa exist\u00eancia na escola da vida, orientando nossos descendentes ou quem quer que venha a precisar da nossa interfer\u00eancia no seu desenvolvimento, acabamos por ter que fazer uso dos nossos egos como andaimes indispens\u00e1veis, durante a execu\u00e7\u00e3o do projeto que nem sempre \u00e9 por n\u00f3s elaborado.<\/span><\/p>\n<p><span style=\"color: #003300;\">Vejamos:<\/span><\/p>\n<p><span style=\"color: #003300;\"><strong>A Soberba.<\/strong><br \/>Para desenvolvermos uma lideran\u00e7a, diante da limita\u00e7\u00e3o de conhecimento e entendimento dos colaboradores ou alunos, precisamos em algumas circunst\u00e2ncias, ostentar uma certa superioridade (soberba) impondo autoridade, mesmo que sutil e coerente.<\/span><\/p>\n<p><span style=\"color: #003300;\"><strong>A Avareza.<\/strong><br \/>Sem adquirir o h\u00e1bito de economizar, ou seja, guardar um pouco do que ganhamos com sacrif\u00edcio ou mesmo sobras, jamais seriamos capazes de acumular um capital para vir a iniciar um projeto mais significativo ou mesmo a aquisi\u00e7\u00e3o de um bem qualquer. Para isso, teremos que ignorar necessidades b\u00e1sicas de muitos semelhantes, mesmo sabendo que alguns, sequer disp\u00f5em do m\u00ednimo necess\u00e1rio para a alimenta\u00e7\u00e3o.<\/span><\/p>\n<p><span style=\"color: #003300;\"><strong>A Lux\u00faria.<\/strong><br \/>Vivemos em constante luta e numa acirrada competitividade que, de alguma forma, precisamos compensar para sentirmos o sabor da vida. Ent\u00e3o buscamos algo que nos traga &#8220;prazer&#8221; fora do trabalho, preenchendo assim, algumas horas no deleite de ocupa\u00e7\u00f5es prazerosas que acabam por carregar nossas baterias.<\/span><\/p>\n<p><span style=\"color: #003300;\"><strong>A Ira.<\/strong><br \/>Ela \u00e9 nossa propulsora da a\u00e7\u00e3o. Para que possamos produzir e enfrentar desafios, precisamos sentir dentro de n\u00f3s um impulso capaz de vencer qualquer obst\u00e1culo que possa aparecer no caminho rumo nosso ao objetivo. Somente conseguimos fazer for\u00e7a extra ou fixar determina\u00e7\u00e3o ferrenha, fazendo uso dela que, quando equilibrada, pode ser identificada como raiva que, somada com a alegria, nos torna extrovertidos e produtivos.<\/span><\/p>\n<p><span style=\"color: #003300;\"><strong>A Gula.<\/strong><br \/>Diante de tantas adversidades em nossa constante luta e em algumas circunst\u00e2ncias, por ignor\u00e2ncia, acabamos nos proporcionando desgastes que chegam a comprometer nosso organismo, provocando \u00e0s vezes, falta de apetite. \u00c9 nessas horas que usamos os olhos e o olfato para poder despertar alguma atra\u00e7\u00e3o por comida atrav\u00e9s da gula, garantindo assim repor energias para darmos continuidade na jornada.<\/span><\/p>\n<p><span style=\"color: #003300;\"><strong>A Inveja.<\/strong><br \/>A inveja, se bem administrada nos leva a uma ambi\u00e7\u00e3o sadia de querer, possuir alguma coisa ou conquistar algo, fazendo de outros um referencial. Infelizmente \u00e9 bem conhecida na utiliza\u00e7\u00e3o em desequil\u00edbrio, chegando a graves consequ\u00eancias em ambiente familiar, de trabalho, nas amizades, etc.<br \/><\/span><\/p>\n<p><span style=\"color: #003300;\"><strong>A Pregui\u00e7a.<\/strong><br \/>\u00c9 t\u00e3o grande nossa necessidade de vencer na vida que, algumas vezes, diante de um planejamento estrat\u00e9gico, se houver algum atraso no cronograma, ou mesmo diante de uma contrariedade qualquer, somos capazes de ultrapassar nossos limites de reservas, podendo provocar s\u00e9rios danos \u00e0 sa\u00fade. Ent\u00e3o quando necess\u00e1rio, nossa mente pode nos proteger, permitindo uma dosagem significativa de indisposi\u00e7\u00e3o espor\u00e1dica para que, em determinada hora ou dia, se possa optar por uma boa parada radical, evitando \u00e0s vezes, crises das mais variadas. Exemplo: Estar a beira de um enfarto ou AVC, sendo a tal &#8220;parada radical&#8221;, uma divina provid\u00eancia para que o organismo se regenere!<br \/><\/span><\/p>\n<p><span style=\"color: #003300;\">Falamos de forma bem sintetizada, sobre cada um dos Sete Pecados Capitais como ferramentas \u00fateis, sem entrar em detalhes, deixando assim, margem para muitas argumenta\u00e7\u00f5es contr\u00e1rias. Sabemos da necessidade do equil\u00edbrio, tanto que nossa experi\u00eancia de vida mostra que, acabamos por extrapolar no uso de cada um deles, em especial e at\u00e9 de forma inconsciente, a lux\u00faria (prazer), atrav\u00e9s do sexo. A m\u00eddia tem esse alvo como principal foco, por saberem nossas lideran\u00e7as mundiais, qual o ponto fraco da humanidade.<\/span><\/p>\n<p><span style=\"color: #003300;\">Poucas t\u00e9cnicas psicol\u00f3gicas e nenhuma institui\u00e7\u00e3o religiosa mais popular, principalmente no ocidente, desenvolve um eficiente mecanismo de defesa para que possamos vencer tais inimigos ap\u00f3s se instalarem comodamente, j\u00e1 que por um bom tempo, foram tamb\u00e9m aliados na constru\u00e7\u00e3o em nossa obra.<\/span><\/p>\n<p><span style=\"color: #003300;\">Para entendermos melhor minha alegoria, vamos considerar que at\u00e9 nossos 40\/45 anos, passamos construindo nossa obra que se refere ao entendimento e compreens\u00e3o, ou seja, a nossa faculdade da vida.<\/span><\/p>\n<p><span style=\"color: #003300;\">Normalmente passamos por s\u00e9rias turbul\u00eancias nessa faixa et\u00e1ria. O que pode ter inspirado ao autor no Velho Testamento a usar quarenta anos para descrever o povo no deserto a busca\/procura da terra prometida.<\/span><\/p>\n<p><span style=\"color: #003300;\">Considero a terra prometida nossa maturidade espiritual, onde podemos parar para refletir e perceber a import\u00e2ncia dos ensinamentos de nossos professores, a sabedoria dos idosos, mesmo sem nenhuma forma\u00e7\u00e3o acad\u00eamica, o quanto nossos av\u00f3s representam pra n\u00f3s, o verdadeiro sentido do amor e em especial o da m\u00e3e. Tamb\u00e9m a amizade sincera do pai, salvo algumas exce\u00e7\u00f5es e a forma com que se come\u00e7a a encarar os projetos, sem expectativas ambiciosas e ansiedade, tendo mais confian\u00e7a em Deus e reconhecendo com mais profundidade a complexidade da vida, come\u00e7ando a se sentir um Templo de uma Divindade que alimenta uma vida num corpo que se movimenta pela simples inten\u00e7\u00e3o e que possui racioc\u00ednio.<\/span><\/p>\n<p><span style=\"color: #003300;\">Nossa nova etapa, depois dessa faixa et\u00e1ria, consiste em iniciar a retirada dos &#8220;andaimes&#8221; dando gradativamente o acabamento na obra, onde come\u00e7amos a realizar com mais maturidade, sendo para muitos um verdadeiro in\u00edcio de tudo que, at\u00e9 ent\u00e3o parecia imposs\u00edvel. Por\u00e9m, a metamorfose \u00e9 sentida na grande maioria de forma at\u00e9 assustadora, desafiando os limites at\u00e9 ent\u00e3o conhecidos. Tanto que alguns poucos, sequer conseguem ultrapassar tal barreira.<\/span><\/p>\n<p><span style=\"color: #003300;\">Algo semelhante acontece com a \u00e1guia que ao atingir 40 anos, est\u00e1 com o bico quase inutilizado e muito curvo, suas unhas tamb\u00e9m comprometidas (arcadas) a ponto de ter que encarar uma verdadeira flagela\u00e7\u00e3o, quando numa esp\u00e9cie de quarentena (vou usar como express\u00e3o o que me parece ser 180 dias), ela bate seu bico contra uma pedra at\u00e9 provocar sua queda. Com um novo bico que logo cresce, pode ent\u00e3o extrair a for\u00e7a suas pr\u00f3prias unhas envelhecidas e in\u00fateis, dando assim condi\u00e7\u00f5es para uma nova etapa de mais uns 30 anos de vida nas alturas.<br \/>Nem todas s\u00e3o capazes de obedecer aos seus instintos, tendo-se conhecimento de algumas poucas que resolvem dar por encerrada sua jornada na primeira etapa da vida.<\/span><\/p>\n<p><span style=\"color: #003300;\">Segunda-feira 04 de julho de 2005.<\/span><\/p>\n<p><a title=\"Um b\u00e1lsamo para seus ouvidos!\" href=\"https:\/\/holo-pousada-vale-encantado.amenitiz.io\/pt\" target=\"_blank\" rel=\"noopener\"><span style=\"color: #003300;\">Eg\u00eddio Garcia Coelho<\/span><br \/><\/a><a href=\"https:\/\/valeencantado.eco.br\"><span style=\"color: #003300;\">https:\/\/valeencantado.eco.br<\/span><\/a><\/p>\n\n\n<p><\/p>\n","protected":false},"excerpt":{"rendered":"<p>R\u00e1dio Web Vale Encantado \u00a0 AndaimesdaConstru\u00e7\u00e3o&#8230; Por: Eg\u00eddio Garcia Coelhohttps:\/\/valeencantado.eco.br Andaimes da Constru\u00e7\u00e3o Estamos acostumados a encontrar por entre os tantos arranha c\u00e9us que j\u00e1 existem, alguns tapumes de obras, acobertando o nascimento\/constru\u00e7\u00e3o de uma nova obra (edif\u00edcio), onde quase&#8230;<a href=\"https:\/\/www.motivacao.org\/blog\/4717\">Read More&#8230;<\/a><\/p>\n","protected":false},"author":1,"featured_media":0,"comment_status":"open","ping_status":"open","sticky":false,"template":"","format":"standard","meta":{"footnotes":""},"categories":[5,10102,239],"tags":[11105,11107,11104,4386,11106,11108],"class_list":["post-4717","post","type-post","status-publish","format-standard","hentry","category-auto-ajuda","category-mensagen","category-mensagens","tag-alguns-tapumes-de-obras-acobertando-o-nascimentoconstrucao-de-uma-nova-obra-edificio-que-quase-sempre-o-arquiteto","tag-chega-se-na-maturidade-espiritual-entre-49-e-56-anos","tag-estamos-acostumados-a-encontrar-por-entre-os-tantos-arranha-ceus-que-ja-existem","tag-por-ciclos-de-7-anos","tag-procura-fazer-com-que-ao-ficar-pronta-possa-ostenta-la-com-superioridade-em-beleza-e-praticidade-entre-as-demais-quero-fazer-deste-paragrafo-uma-metafora-comparando-com-nossa-vida-ate-atingirmos-nos","tag-se-nao-me-falha-a-memoria"],"_links":{"self":[{"href":"https:\/\/www.motivacao.org\/blog\/wp-json\/wp\/v2\/posts\/4717","targetHints":{"allow":["GET"]}}],"collection":[{"href":"https:\/\/www.motivacao.org\/blog\/wp-json\/wp\/v2\/posts"}],"about":[{"href":"https:\/\/www.motivacao.org\/blog\/wp-json\/wp\/v2\/types\/post"}],"author":[{"embeddable":true,"href":"https:\/\/www.motivacao.org\/blog\/wp-json\/wp\/v2\/users\/1"}],"replies":[{"embeddable":true,"href":"https:\/\/www.motivacao.org\/blog\/wp-json\/wp\/v2\/comments?post=4717"}],"version-history":[{"count":5,"href":"https:\/\/www.motivacao.org\/blog\/wp-json\/wp\/v2\/posts\/4717\/revisions"}],"predecessor-version":[{"id":7104,"href":"https:\/\/www.motivacao.org\/blog\/wp-json\/wp\/v2\/posts\/4717\/revisions\/7104"}],"wp:attachment":[{"href":"https:\/\/www.motivacao.org\/blog\/wp-json\/wp\/v2\/media?parent=4717"}],"wp:term":[{"taxonomy":"category","embeddable":true,"href":"https:\/\/www.motivacao.org\/blog\/wp-json\/wp\/v2\/categories?post=4717"},{"taxonomy":"post_tag","embeddable":true,"href":"https:\/\/www.motivacao.org\/blog\/wp-json\/wp\/v2\/tags?post=4717"}],"curies":[{"name":"wp","href":"https:\/\/api.w.org\/{rel}","templated":true}]}}