{"id":4258,"date":"2012-09-16T20:41:04","date_gmt":"2012-09-16T23:41:04","guid":{"rendered":"http:\/\/www.motivacao.org\/blog\/?p=4258"},"modified":"2012-09-16T20:41:04","modified_gmt":"2012-09-16T23:41:04","slug":"deus-e","status":"publish","type":"post","link":"https:\/\/www.motivacao.org\/blog\/4258","title":{"rendered":"Deus \u00e9!"},"content":{"rendered":"<h1><span style=\"color: #003300;\">Deus \u00e9!<\/span><\/h1>\n<h1><\/h1>\n<p><span style=\"color: #003300;\">Por: <a title=\"Eg\u00eddio Garcia Coelho - Terapeuta CRT 37091\" href=\"http:\/\/www.terapeutaonline.com\" target=\"_blank\">Eg\u00eddio Garcia Coelho<\/a><br \/>\nhttp:\/\/<a title=\"IMMB - Instituto mente Mestre Brasil\" href=\"http:\/\/www.mentemestre.com.br\" target=\"_blank\">www.motivacao.org<\/a><\/span><\/p>\n<p><span style=\"color: #003300;\">Texto trazido da Comunidade Amigos do IMMB no Portal www.via6.com.br<\/span><\/p>\n<p><span style=\"color: #003300;\">Caro Armando!<br \/>\nBem oportuno o que nos trouxe do Einstein. Tamb\u00e9m fa\u00e7o uso dessa mensagem h\u00e1 muito tempo.<br \/>\nQuanto as tuas perguntas que est\u00e3o abaixo, vou respond\u00ea-las de forma intuitiva, embora saiba n\u00e3o terem sido feitas com o prop\u00f3sito de receber resposta:<\/span><\/p>\n<p><span style=\"color: #003300;\">O que ou quem \u00e9 Deus?<br \/>\nR. O todo, tudo! Somos um mesmo esp\u00edrito com diferentes faces. Diferentes formas. \u00c9 vida. \u00c9 vibra\u00e7\u00e3o animada com movimentos vis\u00edveis ou inanimada com movimentos invis\u00edveis, vistos em n\u00edvel molecular. Por fim, um entendimento que quando alcan\u00e7ado, fica dif\u00edcil, ou melhor, imposs\u00edvel racionalizar, diante das nossas limita\u00e7\u00f5es.<\/span><\/p>\n<p><span style=\"color: #003300;\">Que caracter\u00edsticas t\u00eam e n\u00e3o tem?<br \/>\nR. As mais diversas, diante das tantas culturas distribu\u00eddas pelos cantos do planeta (e universo). Se visto de forma racional&#8230; \u00c9 um vazio permanente onde tudo pode estar ou n\u00e3o estar. Ele sempre estar\u00e1&#8230; a qualquer momento e em qualquer lugar. Pode ser ilustrado como um c\u00edrculo. E dentro as criaturas e cria\u00e7\u00f5es, por\u00e9m, sem nada o c\u00edrculo permanece eternamente. Da\u00ed nossa necessidade de alcan\u00e7ar no sil\u00eancio o Vazio, onde habita a semente, (a centelha&#8230;)<\/span><\/p>\n<p><span style=\"color: #003300;\">Deus \u00e9 uma for\u00e7a?<br \/>\nR. Sim, uma for\u00e7a creadora (antecede a criadora). Alpha e Omega, Yin e Yang. Pedra Filosofal (alqu\u00edmica\/Hermes Trismesgistos).<\/span><\/p>\n<p><span style=\"color: #003300;\">Que tipo de for\u00e7a?<br \/>\nR. At\u00f4mica! Fonte de vida. INRI = Igne, natura, renovator integra. (a natureza \u00e9 inteiramente renovada pelo fogo).<\/span><\/p>\n<p><span style=\"color: #003300;\">Deus est\u00e1 presente em tudo, em todos, em todo o Universo?<br \/>\nDeus \u00e9! E sendo&#8230;, me faz te amar incondicionalmente, ou seja, independente de como voc\u00ea possa estar, pois, te amo pelo que \u00e9, n\u00e3o pela forma que est\u00e1 no presente ou esteve no passado. No fundo somos UNO!<\/span><\/p>\n<p><span style=\"color: #003300;\">Pronto! Foi assim que ficou de forma resumida e naturalmente se eu fizer uma avalia\u00e7\u00e3o racional, jamais teria coragem para dar o clik no &#8220;Responder&#8221;.<br \/>\nAbra\u00e7os<br \/>\nhttp:\/\/<a title=\"IMMB - Instituto mente Mestre Brasil\" href=\"http:\/\/www.mentemestre.com.br\" target=\"_blank\">www.mentemestre.com.br<\/a><br \/>\nEg\u00eddio Garcia Coelho<br \/>\nEnviado por <a title=\"Eg\u00eddio Garcia Coelho - Terapeuta CRT 37091\" href=\"http:\/\/www.terapeutaonline.com\" target=\"_blank\">Eg\u00eddio Garcia Coelho<\/a> em 18\/08\/2007<br \/>\nReeditado em 28\/10\/2008<\/span><\/p>\n<p><span style=\"color: #003300;\"><br \/>\n<\/span><\/p>\n","protected":false},"excerpt":{"rendered":"<p>Deus \u00e9! Por: Eg\u00eddio Garcia Coelho http:\/\/www.motivacao.org Texto trazido da Comunidade Amigos do IMMB no Portal www.via6.com.br Caro Armando! Bem oportuno o que nos trouxe do Einstein. Tamb\u00e9m fa\u00e7o uso dessa mensagem h\u00e1 muito tempo. Quanto as tuas perguntas que&#8230;<a href=\"https:\/\/www.motivacao.org\/blog\/4258\">Read More&#8230;<\/a><\/p>\n","protected":false},"author":1,"featured_media":0,"comment_status":"open","ping_status":"open","sticky":false,"template":"","format":"standard","meta":{"footnotes":""},"categories":[10097,9912],"tags":[10287,10265,10269,10274,10267,10283,10284,10276,10280,10282,10266,10286,10281,3431,10285,10273,10268,10277,10279,10278,10275],"class_list":["post-4258","post","type-post","status-publish","format-standard","hentry","category-entrevistas","category-letras","tag-a-centelha","tag-basta-respirar-fundo-diante-do-espelho","tag-basta-se-dar-conta-de-que-estamos-vivos-e-nada-precisamos-fazer-para-a-manutencao-da-vida","tag-caro-armando-bem-oportuno-o-que-nos-trouxe-do-einstein-tambem-faco-uso-dessa-mensagem-ha-muito-tempo-quanto-as-tuas-perguntas-que-estao-abaixo","tag-deixando-de-lado-os-dogmas-plantados-em-nos-por-homens-equivocados-ou-mesmo-mal-intencionados-dentro-do-coracao","tag-diante-das-nossas-limitacoes-que-caracteristicas-tem-e-nao-tem-r-as-mais-diversas","tag-diante-das-tantas-culturas-distribuidas-pelos-cantos-do-planeta-e-universo-se-visto-de-forma-racional-e-um-vazio-permanente-onde-tudo-pode-estar-ou-nao-estar-ele-sempre-estara-a-qualquer-mom","tag-embora-saiba-nao-terem-sido-feitas-com-o-proposito-de-receber-resposta-o-que-ou-quem-e-deus-r-o-todo","tag-fica-dificil","tag-impossivel-racionalizar","tag-olhar-nos-olhos-e-recomecar-uma-vida-ouvindo-o-coracao-e-agindo-com-pureza-de-intencoes-na-mais-simples-naturalidade","tag-onde-habita-a-semente","tag-ou-melhor","tag-porem","tag-sem-nada-o-circulo-permanece-eternamente-dai-nossa-necessidade-de-alcancar-no-silencio-o-vazio","tag-senao-respirar","tag-temos-a-informacao-pura-e-verdadeira-que-flui-naturalmente-quando-acreditamos-e-relaxamos-e-para-ter-provas-de-que-isso-e-possivel","tag-tudo-somos-um-mesmo-espirito-com-diferentes-faces-diferentes-formas-e-vida-e-vibracao-animada-com-movimentos-visiveis-ou-inanimada-com-movimentos-invisiveis","tag-um-entendimento-que-quando-alcancado","tag-vistos-em-nivel-molecular-por-fim","tag-vou-responde-las-de-forma-intuitiva"],"_links":{"self":[{"href":"https:\/\/www.motivacao.org\/blog\/wp-json\/wp\/v2\/posts\/4258","targetHints":{"allow":["GET"]}}],"collection":[{"href":"https:\/\/www.motivacao.org\/blog\/wp-json\/wp\/v2\/posts"}],"about":[{"href":"https:\/\/www.motivacao.org\/blog\/wp-json\/wp\/v2\/types\/post"}],"author":[{"embeddable":true,"href":"https:\/\/www.motivacao.org\/blog\/wp-json\/wp\/v2\/users\/1"}],"replies":[{"embeddable":true,"href":"https:\/\/www.motivacao.org\/blog\/wp-json\/wp\/v2\/comments?post=4258"}],"version-history":[{"count":2,"href":"https:\/\/www.motivacao.org\/blog\/wp-json\/wp\/v2\/posts\/4258\/revisions"}],"predecessor-version":[{"id":4260,"href":"https:\/\/www.motivacao.org\/blog\/wp-json\/wp\/v2\/posts\/4258\/revisions\/4260"}],"wp:attachment":[{"href":"https:\/\/www.motivacao.org\/blog\/wp-json\/wp\/v2\/media?parent=4258"}],"wp:term":[{"taxonomy":"category","embeddable":true,"href":"https:\/\/www.motivacao.org\/blog\/wp-json\/wp\/v2\/categories?post=4258"},{"taxonomy":"post_tag","embeddable":true,"href":"https:\/\/www.motivacao.org\/blog\/wp-json\/wp\/v2\/tags?post=4258"}],"curies":[{"name":"wp","href":"https:\/\/api.w.org\/{rel}","templated":true}]}}