{"id":2893,"date":"2010-11-15T21:53:15","date_gmt":"2010-11-16T00:53:15","guid":{"rendered":"http:\/\/www.motivacao.org\/blog\/?p=2893"},"modified":"2018-01-03T16:04:17","modified_gmt":"2018-01-03T18:04:17","slug":"importantes-empresas-do-setor-enriquecem-a-feira-de-logistica-2010-3","status":"publish","type":"post","link":"https:\/\/www.motivacao.org\/blog\/2893","title":{"rendered":"Terra Oca &#8220;I&#8221;! Verdade ou Mito?"},"content":{"rendered":"<h3 style=\"text-align: center;\"><\/h3>\n<p style=\"text-align: center;\"><strong>R\u00e1dio Web Vale Encantado<\/strong><br \/>\n<a href=\"http:\/\/www.valeencantado.eco.br\/\" target=\"_blank\"><img loading=\"lazy\" decoding=\"async\" class=\"  wp-image-6704 aligncenter\" src=\"http:\/\/www.motivacao.org\/blog\/wp-content\/uploads\/2017\/12\/RadioWebNovaCapa-300x114.png\" alt=\"RadioWebNovaCapa\" width=\"534\" height=\"203\" srcset=\"https:\/\/www.motivacao.org\/blog\/wp-content\/uploads\/2017\/12\/RadioWebNovaCapa-300x114.png 300w, https:\/\/www.motivacao.org\/blog\/wp-content\/uploads\/2017\/12\/RadioWebNovaCapa.png 820w\" sizes=\"auto, (max-width: 534px) 100vw, 534px\" \/><\/a><\/p>\n<div id=\"content\">\n<div id=\"nav\">\n<div id=\"player\" class=\"bg-gray\">\n<div class=\"rf-player player-1 \">\n<div class=\"rf-width-control\">\n<div class=\"rf-padding-control\">\n<div class=\"rf-player-container\">\n<div id=\"rf-player-container\">\n<div class=\"rf-player-background\"><span class=\"social-item\"><a href=\"https:\/\/www.facebook.com\/egidiogarcia.coelho\" target=\"_blank\" rel=\"nofollow\"><img decoding=\"async\" title=\"Facebook\" src=\"https:\/\/s3-sa-east-1.amazonaws.com\/radiofacil-assets\/compressed\/img\/website\/social\/facebook.png?_t=27949253b57c4291faf9cdd8ca09b0fb\" alt=\"Facebook\" \/><\/a><\/span><span class=\"social-item\"><a href=\"https:\/\/plus.google.com\/+EgidioGarciaCoelho\" target=\"_blank\" rel=\"nofollow\"><img decoding=\"async\" title=\"Google+\" src=\"https:\/\/s3-sa-east-1.amazonaws.com\/radiofacil-assets\/compressed\/img\/website\/social\/googleplus.png?_t=27949253b57c4291faf9cdd8ca09b0fb\" alt=\"Google+\" \/><\/a><\/span><span class=\"social-item\"><a href=\"https:\/\/www.instagram.com\/egidioimmb\/\" target=\"_blank\" rel=\"nofollow\"><img decoding=\"async\" title=\"Instagram\" src=\"https:\/\/s3-sa-east-1.amazonaws.com\/radiofacil-assets\/compressed\/img\/website\/social\/instagram.png?_t=27949253b57c4291faf9cdd8ca09b0fb\" alt=\"Instagram\" \/><\/a><\/span><span class=\"social-item\"><a href=\"https:\/\/twitter.com\/egidioimmb\" target=\"_blank\" rel=\"nofollow\"><img decoding=\"async\" title=\"Twitter\" src=\"https:\/\/s3-sa-east-1.amazonaws.com\/radiofacil-assets\/compressed\/img\/website\/social\/twitter.png?_t=27949253b57c4291faf9cdd8ca09b0fb\" alt=\"Twitter\" \/><\/a><\/span><span class=\"social-item\"><a href=\"http:\/\/radiowebimmb.com.br\/contato\/\" target=\"_blank\" rel=\"nofollow\"><img decoding=\"async\" title=\"Whatsapp\" src=\"https:\/\/s3-sa-east-1.amazonaws.com\/radiofacil-assets\/compressed\/img\/website\/social\/whatsapp.png?_t=27949253b57c4291faf9cdd8ca09b0fb\" alt=\"Whatsapp\" \/><\/a><\/span><span class=\"social-item\"><a href=\"https:\/\/www.youtube.com\/user\/egidioimmb\" target=\"_blank\" rel=\"nofollow\"><img decoding=\"async\" title=\"Youtube\" src=\"https:\/\/s3-sa-east-1.amazonaws.com\/radiofacil-assets\/compressed\/img\/website\/social\/youtube.png?_t=27949253b57c4291faf9cdd8ca09b0fb\" alt=\"Youtube\" \/><\/a><\/span><\/div>\n<\/div>\n<\/div>\n<\/div>\n<\/div>\n<\/div>\n<\/div>\n<\/div>\n<\/div>\n<p class=\"western\" style=\"text-align: center;\"><span style=\"color: #003300;\"><span style=\"font-family: Arial Narrow,sans-serif;\"><span style=\"font-size: x-large;\"><b>NOSSA TERRA<br \/>\nEST\u00c1 OCA?<\/b><\/span><\/span><\/span><br \/>\n<span style=\"color: #003300;\"><span style=\"font-size: small;\"><i>Durante seu suposto <\/i><\/span><span style=\"font-size: small;\"><i>voo<\/i><\/span><span style=\"font-size: small;\"><i> sobre o <\/i><\/span><span style=\"font-size: small;\"><i>Polo<\/i><\/span><span style=\"font-size: small;\"><i> Norte em 1947, o vice-almirante Byrd comunicou por r\u00e1dio que via abaixo dele, n\u00e3o neve, e sim \u00e1reas de terra com montanhas, bosques, vegeta\u00e7\u00e3o, lagos e rios, e um estranho animal que parecia um mamute&#8230;.<\/i><\/span><\/span><\/p>\n<p style=\"text-align: center;\"><span style=\"color: #003300;\"><a style=\"color: #003300;\" href=\"http:\/\/www.motivacao.org\/blog\/wp-content\/uploads\/2010\/11\/Terra-oca-mapa-pt-750Agharta.jpg\"><img loading=\"lazy\" decoding=\"async\" class=\" size-medium wp-image-5806 aligncenter\" src=\"http:\/\/www.motivacao.org\/blog\/wp-content\/uploads\/2010\/11\/Terra-oca-mapa-pt-750Agharta-289x300.jpg\" alt=\"Terra-oca-mapa-pt-750Agharta\" width=\"289\" height=\"300\" srcset=\"https:\/\/www.motivacao.org\/blog\/wp-content\/uploads\/2010\/11\/Terra-oca-mapa-pt-750Agharta-289x300.jpg 289w, https:\/\/www.motivacao.org\/blog\/wp-content\/uploads\/2010\/11\/Terra-oca-mapa-pt-750Agharta.jpg 750w\" sizes=\"auto, (max-width: 289px) 100vw, 289px\" \/><\/a><\/span><\/p>\n<p class=\"western\" style=\"text-align: center;\"><span style=\"font-size: small; color: #003300;\"><i>Durante s\u00e9culos muitas pessoas insistem sobre a realidade da teoria da Terra Oca, por\u00e9m n\u00e3o deram continua\u00e7\u00e3o a hist\u00f3ria at\u00e9 que apareceu uma impressionante foto de sat\u00e9lite em 1968.<br \/>\n<a style=\"color: #003300;\" href=\"http:\/\/www.motivacao.org\/blog\/wp-content\/uploads\/2010\/11\/FotoSat\u00e9lite19681.jpg\"><img loading=\"lazy\" decoding=\"async\" class=\"alignnone  wp-image-5809\" src=\"http:\/\/www.motivacao.org\/blog\/wp-content\/uploads\/2010\/11\/FotoSat\u00e9lite19681-217x300.jpg\" alt=\"FotoSat\u00e9lite1968\" width=\"321\" height=\"444\" srcset=\"https:\/\/www.motivacao.org\/blog\/wp-content\/uploads\/2010\/11\/FotoSat\u00e9lite19681-217x300.jpg 217w, https:\/\/www.motivacao.org\/blog\/wp-content\/uploads\/2010\/11\/FotoSat\u00e9lite19681.jpg 231w\" sizes=\"auto, (max-width: 321px) 100vw, 321px\" \/><\/a><br \/>\n<\/i><\/span><\/p>\n<p class=\"western\" style=\"text-align: left;\"><span style=\"color: #003300;\">N<span style=\"font-family: Arial,sans-serif;\"><span style=\"font-size: small;\">o in\u00edcio de 1970, a Administra\u00e7\u00e3o do Servi\u00e7o de Ci\u00eancia e Meio Ambiente (ESSA), que pertence ao Departamento de Com\u00e9rcio dos Estados Unidos, divulgou para a imprensa duas fotografias do <\/span><\/span><span style=\"font-family: Arial,sans-serif;\"><span style=\"font-size: small;\">Polo<\/span><\/span><span style=\"font-family: Arial,sans-serif;\"><span style=\"font-size: small;\"> Norte tiradas pelo sat\u00e9lite ESSA-7 em 23 de novembro de 1968. Uma das fotografias mostrava o <\/span><\/span><span style=\"font-family: Arial,sans-serif;\"><span style=\"font-size: small;\">Polo<\/span><\/span><span style=\"font-family: Arial,sans-serif;\"><span style=\"font-size: small;\"> Norte coberto pela conhecida camada de nuvens; a outra, que mostrava a mesma zona sem nuvens, revelava um imenso buraco, onde deveria estar o Polo.<\/span><\/span><\/span><\/p>\n<p><span style=\"color: #003300;\">A ESSA estava longe de suspeitar que suas fotos rotineiras de reconhecimento atmosf\u00e9rico fosse contribuir e despertar uma das controv\u00e9rsias mais sensacionais e c\u00e9lebres da hist\u00f3ria dos OVNI&#8217;s. No n\u00famero de junho de 1970 da revista Flying Saucers, o editor e uf\u00f3logo Ray Palmer reproduziu as fotos do sat\u00e9lite ESSA-7 junto com um artigo em que ele manifestava que o buraco da foto era real. Durante muito tempo, Ray Palmer e outros uf\u00f3logos acreditavam que a Terra fosse oca, e que os OVNI&#8217;s seriam uma civiliza\u00e7\u00e3o de seres superiores que est\u00e1 escondida em seu interior inexplorado.<\/span><\/p>\n<p><span style=\"color: #003300;\">Em 1970, gra\u00e7as ao apoio de uma fotografia em que aparecia o enorme buraco do Polo Norte, Palmer p\u00f4de assegurar que a super-ra\u00e7a subterr\u00e2nea existia e, provavelmente poderia chegar at\u00e9 ela atrav\u00e9s dos buracos dos <span style=\"font-family: Arial,sans-serif;\"><span style=\"font-size: small;\">polos<\/span><\/span><span style=\"font-family: Arial,sans-serif;\"><span style=\"font-size: small;\"> Norte e Sul. Os n\u00fameros seguintes de Flying Saucers apoi\u00e1ram sua teoria ressuscitando outra antiga controv\u00e9rsia sobre a Terra Oca: as famosas expedi\u00e7\u00f5es do vice-almirante Richard E. Byrd aos <\/span><\/span><span style=\"font-family: Arial,sans-serif;\"><span style=\"font-size: small;\">polos<\/span><\/span><span style=\"font-family: Arial,sans-serif;\"><span style=\"font-size: small;\"> Norte e Sul.<\/span><\/span><\/span><\/p>\n<p><span style=\"color: #003300;\">O vice-almirante Richard E. Byrd da US NAVY foi um destemido aviador, pioneiro e explorador polar, que sobrevoou o <span style=\"font-family: Arial,sans-serif;\"><span style=\"font-size: small;\">Polo<\/span><\/span><span style=\"font-family: Arial,sans-serif;\"><span style=\"font-size: small;\"> Norte em 9 de maio de 1926, e dirigiu numerosas expedi\u00e7\u00f5es \u00e0 Ant\u00e1rtida, <\/span><\/span><span style=\"font-family: Arial,sans-serif;\"><span style=\"font-size: small;\">incluindo<\/span><\/span><span style=\"font-family: Arial,sans-serif;\"><span style=\"font-size: small;\"> um <\/span><\/span><span style=\"font-family: Arial,sans-serif;\"><span style=\"font-size: small;\">voo<\/span><\/span><span style=\"font-family: Arial,sans-serif;\"><span style=\"font-size: small;\"> sobre o <\/span><\/span><span style=\"font-family: Arial,sans-serif;\"><span style=\"font-size: small;\">Polo<\/span><\/span><span style=\"font-family: Arial,sans-serif;\"><span style=\"font-size: small;\"> Sul em 29 de novembro de 1929. Entre 1946 e 1947, levou adiante a opera\u00e7\u00e3o em grande escala chamada High Jump (Pulo Alto), durante a qual descobriu e cartografou 1390000 km2 de territ\u00f3rio ant\u00e1rtico. As famosas expedi\u00e7\u00f5es de Byrd entraram pela primeira vez na controv\u00e9rsia da Terra Oca quando v\u00e1rios artigos e livros, especialmente Worlds Beyond The Poles (Mundos Al\u00e9m dos <\/span><\/span><span style=\"font-family: Arial,sans-serif;\"><span style=\"font-size: small;\">Polos<\/span><\/span><span style=\"font-family: Arial,sans-serif;\"><span style=\"font-size: small;\">), de Amadeo Giannini, afirmavam que Byrd havia, na realidade, n\u00e3o voou por cima do <\/span><\/span><span style=\"font-family: Arial,sans-serif;\"><span style=\"font-size: small;\">polo<\/span><\/span><span style=\"font-family: Arial,sans-serif;\"><span style=\"font-size: small;\">, mas sim dentro dos grandes buracos que levam ao interior da Terra.<\/span><\/span><\/span><\/p>\n<p><span style=\"color: #003300;\">Ray Palmer, baseando-se principalmente no livro de Giannini, introduziu esta teoria no n\u00famero de dezembro de 1959 da sua revista e, por causa disso, manteve uma volumosa correspond\u00eancia \u00e0 respeito. Segundo Giannini e Palmer, o vice-almirante Byrd anunciou em fevereiro de 1947, ap\u00f3s uma suposta viagem de 2750 km atrav\u00e9s do <span style=\"font-family: Arial,sans-serif;\"><span style=\"font-size: small;\">Polo<\/span><\/span><span style=\"font-family: Arial,sans-serif;\"><span style=\"font-size: small;\"> Norte: &#8220;Gostaria de ver a Terra al\u00e9m dos <\/span><\/span><span style=\"font-family: Arial,sans-serif;\"><span style=\"font-size: small;\">polos<\/span><\/span><span style=\"font-family: Arial,sans-serif;\"><span style=\"font-size: small;\">&#8220;. Essa \u00e1rea al\u00e9m dos <\/span><\/span><span style=\"font-family: Arial,sans-serif;\"><span style=\"font-size: small;\">Polos<\/span><\/span><span style=\"font-family: Arial,sans-serif;\"><span style=\"font-size: small;\"> \u00e9 o centro do grande enigma. Giannini e Palmer diziam tamb\u00e9m que, durante seu suposto <\/span><\/span><span style=\"font-family: Arial,sans-serif;\"><span style=\"font-size: small;\">voo<\/span><\/span><span style=\"font-family: Arial,sans-serif;\"><span style=\"font-size: small;\"> sobre o <\/span><\/span><span style=\"font-family: Arial,sans-serif;\"><span style=\"font-size: small;\">Polo<\/span><\/span><span style=\"font-family: Arial,sans-serif;\"><span style=\"font-size: small;\"> Norte em 1947, o vice-almirante Byrd comunicou por r\u00e1dio que via abaixo dele, n\u00e3o neve, e sim \u00e1reas de terra com montanhas, bosques, vegeta\u00e7\u00e3o, lagos e rios, e um estranho animal que parecia um mamute.<\/span><\/span><\/span><\/p>\n<p><span style=\"color: #003300;\"><span style=\"font-family: Arial Narrow,sans-serif;\"><b>Cidade do Arco-\u00cdris<\/b><\/span><span style=\"font-family: Arial,sans-serif;\"><span style=\"font-size: small;\"><br \/>\nEm janeiro de 1956, ap\u00f3s dirigir outra expedi\u00e7\u00e3o \u00e0 Ant\u00e1rtida, o vice-almirante Byrd manifestou que sua expedi\u00e7\u00e3o havia explorado 3700 km al\u00e9m do <\/span><\/span><span style=\"font-family: Arial,sans-serif;\"><span style=\"font-size: small;\">Polo<\/span><\/span><span style=\"font-family: Arial,sans-serif;\"><span style=\"font-size: small;\"> Sul e, al\u00e9m disso, justo antes de sua morte, Byrd disse que a Terra al\u00e9m do <\/span><\/span><span style=\"font-family: Arial,sans-serif;\"><span style=\"font-size: small;\">Polo<\/span><\/span><span style=\"font-family: Arial,sans-serif;\"><span style=\"font-size: small;\"> era um continente encantado no c\u00e9u, terra de mist\u00e9rio permanente. Essa terra, segundo outras teorias, era a legend\u00e1ria Cidade do Arco-\u00cdris, ber\u00e7o de uma fabulosa civiliza\u00e7\u00e3o perdida.<\/span><\/span><\/span><\/p>\n<p><span style=\"color: #003300;\">Para Giannini e Palmer, os coment\u00e1rios atribu\u00eddos ao vice-almirante Byrd confirmaria o que eles sempre suspeitaram: que a Terra tem uma forma estranha no <span style=\"font-family: Arial,sans-serif;\"><span style=\"font-size: small;\">Polos<\/span><\/span><span style=\"font-family: Arial,sans-serif;\"><span style=\"font-size: small;\">, algo parecido a um &#8220;donut&#8221;, com uma depress\u00e3o que forma um buraco gigante que passa atrav\u00e9s do eixo da Terra, de um <\/span><\/span><span style=\"font-family: Arial,sans-serif;\"><span style=\"font-size: small;\">polo<\/span><\/span><span style=\"font-family: Arial,sans-serif;\"><span style=\"font-size: small;\"> a outro. Dado que, por raz\u00f5es geogr\u00e1ficas, \u00e9 imposs\u00edvel voar 2750 km al\u00e9m do <\/span><\/span><span style=\"font-family: Arial,sans-serif;\"><span style=\"font-size: small;\">Polo<\/span><\/span><span style=\"font-family: Arial,sans-serif;\"><span style=\"font-size: small;\"> Norte e 3700 km al\u00e9m do <\/span><\/span><span style=\"font-family: Arial,sans-serif;\"><span style=\"font-size: small;\">Polo<\/span><\/span><span style=\"font-family: Arial,sans-serif;\"><span style=\"font-size: small;\"> Sul sem ver \u00e1gua. Parece l\u00f3gico pensar que o vice-almirante Byrd deve ter voado dentro de enormes cavidades convexas dos <\/span><\/span><span style=\"font-family: Arial,sans-serif;\"><span style=\"font-size: small;\">polos<\/span><\/span><span style=\"font-family: Arial,sans-serif;\"><span style=\"font-size: small;\">, dentro do Grande Enigma do interior da Terra e que, se tivesse seguido adiante, teria chegado na base secreta dos OVNI&#8217;s que pertencem \u00e0 super-ra\u00e7a oculta, quem sabe a lend\u00e1ria Cidade do Arco-\u00cdris que Byrd teria visto refletida no c\u00e9u.<\/span><\/span><\/span><\/p>\n<p><span style=\"color: #003300;\"><span style=\"font-family: Arial Narrow,sans-serif;\"><b>&#8230;.Um pouco de hist\u00f3ria<\/b><\/span><span style=\"font-family: Arial,sans-serif;\"><span style=\"font-size: small;\"><br \/>\nA possibilidade de que a Terra seja oca, que possa entrar nela atrav\u00e9s dos <\/span><\/span><span style=\"font-family: Arial,sans-serif;\"><span style=\"font-size: small;\">Polos<\/span><\/span><span style=\"font-family: Arial,sans-serif;\"><span style=\"font-size: small;\"> Norte e Sul, e de que civiliza\u00e7\u00f5es secretas flores\u00e7am em seu interior tem agu\u00e7ado a imagina\u00e7\u00e3o desde tempos atr\u00e1s. Assim, o her\u00f3i babil\u00f4nio Gilgamesh visitou seu antepassado Utnapishtim nas entranhas da Terra; na mitologia grega, Orfeo tratou de resgatar Eur\u00eddice do inferno subterr\u00e2neo; dizia-se que os fara\u00f3s do Egito comunicavam-se com o mundo inferior, onde desciam atrav\u00e9s de t\u00faneis secretos ocultos nas pir\u00e2mides; e os budistas acreditavam (e acreditam todavia) que milh\u00f5es de pessoas vivem em Agharta, um para\u00edso subterr\u00e2neo governado pelo rei do mundo.<\/span><\/span><\/span><\/p>\n<p><span style=\"color: #003300;\">O mundo cient\u00edfico n\u00e3o ficou imune desta teor\u00eda: Leornard Euler, um g\u00eanio matem\u00e1tico do s\u00e9culo 18 deduziu que a Terra era oca, que continha um sol central e que estava habitada; e o doutor Edmund Halley, descobridor do cometa Halley e astr\u00f4nomo real da Inglaterra no s\u00e9culo 18, tamb\u00e9m acreditava que a Terra era oca e guardava em seu interior tr\u00eas pisos. Nenhuma destas teorias estavam sustentadas cientificamente, por\u00e9m coincidiam com v\u00e1rias obras de fic\u00e7\u00e3o sobre o mesmo tema, onde dentre as mais importantes eram As Aventuras de Arthur Gordon Pym, de Edgar Al\u00edan Poe (1833), onde o her\u00f3i e seu companheiro tem um terr\u00edvel encontro com os seres do interior da Terra. E na Viagem ao Centro da Terra, de Julio Verne (1864), onde um professor aventureiro, seu sobrinho e um guia penetram no interior da Terra atrav\u00e9s de um vulc\u00e3o extinto na Isl\u00e2ndia, e encontram novos c\u00e9us, mares e r\u00e9pteis gigantescos e pr\u00e9-hist\u00f3ricos que povoavam os bosques.<\/span><\/p>\n<p><span style=\"color: #003300;\">A cren\u00e7a de uma Terra Oca estava t\u00e3o difundida que inclusive Edgar Rice Burroughs, o c\u00e9lebre autor de Tarzan, sentiu-se obrigado a escrever Tarzan nas Entranhas da Terra (1929), um mundo que encontra-se na superf\u00edcie interior da Terra e que est\u00e1 iluminado por um sol central. A Sombra Al\u00e9m do Tempo (1936) de H.P. Lovercraft transportou o tema para a \u00e9poca atual, descrevendo uma ra\u00e7a antiga e subterr\u00e2nea que dominou a Terra h\u00e1 150 milh\u00f5es de anos e que, desde ent\u00e3o, refugiaram-se no interior da Terra, e inventaram avi\u00f5es e ve\u00edculos at\u00f4micos, e dominavam a viagem no tempo e a percep\u00e7\u00e3o <span style=\"font-family: Arial,sans-serif;\"><span style=\"font-size: small;\">extrassensorial.<\/span><\/span><span style=\"font-family: Arial,sans-serif;\"><span style=\"font-size: small;\"> Estas e outras obras de fic\u00e7\u00e3o manteve vivo o interesse pela possibilidade da Terra ser oca e que esconde outras civiliza\u00e7\u00f5es.<\/span><\/span><\/span><\/p>\n<p><span style=\"color: #003300;\"><span style=\"font-family: Arial Narrow,sans-serif;\"><b>OVNIs do centro da Terra<\/b><\/span><span style=\"font-family: Arial,sans-serif;\"><span style=\"font-size: small;\"><br \/>\nAssim, quando foram vistos os primeiros OVNI&#8217;s nos Estados Unidos em 1947 e a ufomania <\/span><\/span><span style=\"font-family: Arial,sans-serif;\"><span style=\"font-size: small;\">assolou<\/span><\/span><span style=\"font-family: Arial,sans-serif;\"><span style=\"font-size: small;\"> o pa\u00eds primeiro e o mundo depois, surgiram duas teorias para explic\u00e1-los. Os OVNI&#8217;s deviam ser naves extraterrestres de alguma gal\u00e1xia pr\u00f3xima, ou pertenciam a seres avan\u00e7ad\u00edssimos que habitavam o interior da Terra. Estas teorias levaram a recuperar as lendas das civiliza\u00e7\u00f5es perdidas da Atl\u00e2ntida e de Thule, e a cren\u00e7a que esta \u00faltima encontrava-se no \u00c1rtico (n\u00e3o confundir com Dundas, antes Thule, que hoje \u00e9 uma base a\u00e9rea dos Estados Unidos e centro de comunica\u00e7\u00e3o).<\/span><\/span><\/span><\/p>\n<p><span style=\"color: #003300;\">Acreditava-se tamb\u00e9m que outra poss\u00edvel fonte de proced\u00eancia dos OVNI&#8217;s encontrava-se na Ant\u00e1rtida. Esta teoria surgiu no convincente livro de John G. Fuller, A Viagem Interrompida (1966), onde o autor relata a hist\u00f3ria de Betty e Barney Hill, um casal americano que, durante um tratamento psiqui\u00e1trico devido a um inexplic\u00e1vel per\u00edodo de amn\u00e9sia, recordaram atrav\u00e9s de hipnose que <span style=\"font-family: Arial,sans-serif;\"><span style=\"font-size: small;\">haviam<\/span><\/span><span style=\"font-family: Arial,sans-serif;\"><span style=\"font-size: small;\"> sido raptados por extraterrestres, examinados no interior de um disco voador e informados que os extraterrestres tinham bases em toda a Terra, algumas no fundo do mar e pelo menos uma na Ant\u00e1rtida.<\/span><\/span><\/span><\/p>\n<p><span style=\"color: #003300;\">Deste modo, quando Ray Palmer publicou sua controvertida teoria em 1970, os uf\u00f3logos e crentes na Terra oca ficaram com a expectativa: tratava-se de provas conclusivas? Por\u00e9m os argumentos que Palmer defendia revelaram-se extremamente suspeitos. Todas as investiga\u00e7\u00f5es feitas desde ent\u00e3o n\u00e3o confirmaram nenhuma das afirma\u00e7\u00f5es atribu\u00eddas por Giannini e Palmer ao vice-almirante Byrd; nem sequer confirmou-se seu <span style=\"font-family: Arial,sans-serif;\"><span style=\"font-size: small;\">voo<\/span><\/span><span style=\"font-family: Arial,sans-serif;\"><span style=\"font-size: small;\"> sobre o <\/span><\/span><span style=\"font-family: Arial,sans-serif;\"><span style=\"font-size: small;\">Polo<\/span><\/span><span style=\"font-family: Arial,sans-serif;\"><span style=\"font-size: small;\"> Norte em fevereiro de 1947 (o certo \u00e9 que Byrd sobrevoou o <\/span><\/span><span style=\"font-family: Arial,sans-serif;\"><span style=\"font-size: small;\">polo<\/span><\/span><span style=\"font-family: Arial,sans-serif;\"><span style=\"font-size: small;\"> Sul nesta data, no transcurso da opera\u00e7\u00e3o High Jump), inclusive supondo que Byrd teria feito tais coment\u00e1rios, o mais l\u00f3gico \u00e9 acreditar que a terra al\u00e9m dos <\/span><\/span><span style=\"font-family: Arial,sans-serif;\"><span style=\"font-size: small;\">polos<\/span><\/span><span style=\"font-family: Arial,sans-serif;\"><span style=\"font-size: small;\"> e o Grande Enigma s\u00e3o formas de falar das regi\u00f5es ent\u00e3o inexploradas a continentes escondidos no interior da Terra, e que o continente encantado no c\u00e9u era unicamente uma descri\u00e7\u00e3o de um fen\u00f4meno que acontece nas latitudes ant\u00e1rticas, uma esp\u00e9cie de reflexo que tr\u00e1s o reflexo de terras distantes.<\/span><\/span><\/span><\/p>\n<p><span style=\"color: #003300;\"><span style=\"font-family: Arial Narrow,sans-serif;\"><b>Poss\u00edvel acobertamento<\/b><\/span><span style=\"font-family: Arial,sans-serif;\"><span style=\"font-size: small;\"><br \/>\nApesar da inexatid\u00e3o da pretensa viagem de Byrd ao <\/span><\/span><span style=\"font-family: Arial,sans-serif;\"><span style=\"font-size: small;\">Polo<\/span><\/span><span style=\"font-family: Arial,sans-serif;\"><span style=\"font-size: small;\"> Norte, existem algumas pessoas que afirmam ter visto em um notici\u00e1rio sobre a dita expedi\u00e7\u00e3o ao <\/span><\/span><span style=\"font-family: Arial,sans-serif;\"><span style=\"font-size: small;\">Polo<\/span><\/span><span style=\"font-family: Arial,sans-serif;\"><span style=\"font-size: small;\"> Norte, onde se viam montanhas, \u00e1rvores, rios e um grande animal identificado como um mamute. Uma mulher escreveu para Ray Palmer sobre esta not\u00edcia, assegurando que havia visto em White Plains, New York, em 1929. Entretanto, este document\u00e1rio n\u00e3o est\u00e1 registrado em nenhum arquivo. Ser\u00e1 que se trata de uma artimanha do Governo dos Estados Unidos? Ou ser\u00e1 que esse document\u00e1rio nunca existiu? Durante os anos 80 ocorreu um boato que um sat\u00e9lite espi\u00e3o militar norte-americano tirou v\u00e1rias fotografias sobre o <\/span><\/span><span style=\"font-family: Arial,sans-serif;\"><span style=\"font-size: small;\">polo<\/span><\/span><span style=\"font-family: Arial,sans-serif;\"><span style=\"font-size: small;\"> norte no exato momento em que se abriu um buraco no polo para dar passagem a uma nave desconhecida. Seguramente a terra n\u00e3o \u00e9 oca, mas abaixo de nossos p\u00e9s podem existir civiliza\u00e7\u00f5es inteiras&#8230;<\/span><\/span><\/span><\/p>\n<p class=\"western\" style=\"text-align: center;\"><span style=\"color: #003300;\"><a style=\"color: #003300;\" href=\"http:\/\/www.motivacao.org\/blog\/wp-content\/uploads\/2010\/11\/Essa7Apolo11.jpg\"><img loading=\"lazy\" decoding=\"async\" class=\"alignnone  wp-image-5808\" src=\"http:\/\/www.motivacao.org\/blog\/wp-content\/uploads\/2010\/11\/Essa7Apolo11-300x157.jpg\" alt=\"Essa7Apolo11\" width=\"556\" height=\"291\" srcset=\"https:\/\/www.motivacao.org\/blog\/wp-content\/uploads\/2010\/11\/Essa7Apolo11-300x157.jpg 300w, https:\/\/www.motivacao.org\/blog\/wp-content\/uploads\/2010\/11\/Essa7Apolo11.jpg 564w\" sizes=\"auto, (max-width: 556px) 100vw, 556px\" \/><\/a><\/span><\/p>\n<p class=\"western\" style=\"text-align: center;\"><span style=\"color: #003300;\"><i>\u00c0 esquerda, foto de sat\u00e9lite ESSA-7 de 1968 mostrando uma abertura no Polo Norte, \u00e0 direita foto da nave Apolo 11 de 1969 tamb\u00e9m mostra a mesma abertura.<\/i><\/span><\/p>\n<h3><span style=\"color: #003300;\">Fonte: http:\/\/www.fenomeno.matrix.com.br em 2006<\/span><\/h3>\n<h3><span style=\"color: #003300;\">Links para:<\/span><br \/>\n<span style=\"color: #003300;\"> <a style=\"color: #003300;\" title=\"Terra Oca &quot;II&quot;! Verdade ou Mito?\" href=\"http:\/\/www.motivacao.org\/blog\/5811\" target=\"_blank\">Terra Oca \u201cII\u201d!<\/a><\/span><br \/>\n<span style=\"color: #003300;\"> <a style=\"color: #003300;\" title=\"Terra Oca &quot;III&quot;! Verdade ou Mito?\" href=\"http:\/\/www.motivacao.org\/blog\/5821\" target=\"_blank\">Terra Oca \u201cIII\u201d!<\/a><\/span><br \/>\n<a title=\"Terra Oca &quot;IV&quot;! Verdade ou Mito?\" href=\"http:\/\/www.motivacao.org\/blog\/5845\" target=\"_blank\"><span style=\"color: #003300;\">Terra Oca \u201cIV\u201d!<\/span><\/a><\/h3>\n","protected":false},"excerpt":{"rendered":"<p>R\u00e1dio Web Vale Encantado NOSSA TERRA EST\u00c1 OCA? Durante seu suposto voo sobre o Polo Norte em 1947, o vice-almirante Byrd comunicou por r\u00e1dio que via abaixo dele, n\u00e3o neve, e sim \u00e1reas de terra com montanhas, bosques, vegeta\u00e7\u00e3o, lagos&#8230;<a href=\"https:\/\/www.motivacao.org\/blog\/2893\">Read More&#8230;<\/a><\/p>\n","protected":false},"author":1,"featured_media":0,"comment_status":"open","ping_status":"open","sticky":false,"template":"","format":"standard","meta":{"footnotes":""},"categories":[10,24,8354,8,12273],"tags":[12315,12306,12317,12293,12309,12296,12314,12310,12308,12303,12292,12319,12305,12297,12311,12299,12304,12316,12301,12302,12298,12313,12318,12295,12300,12290,12291,12312,12307,12294],"class_list":["post-2893","post","type-post","status-publish","format-standard","hentry","category-ciencia","category-curiosidades","category-noticias","category-outros-autores","category-terra-oca","tag-1970-da-revista-flying-saucers","tag-a-sombra-alem-do-tempo-1936-de-h-p-lovercraft-transportou-o-tema","tag-administracao-do-servico-de-ciencia-e-meio-ambiente-essa","tag-apolo-11-de-1969","tag-as-aventuras-de-arthur-gordon-pym","tag-byrd-ao-polo-norte","tag-cometa-halley","tag-de-edgar-alian-poe-1833","tag-de-julio-verne-1864","tag-edgar-rice-burroughs","tag-essa-7-de-1968","tag-expedicoes-do-vice-almirante-richard-e-byrd-aos-polos-norte-e-sul","tag-heroi-babilonio-gilgamesh-visitou-seu-antepassado-utnapishtim-nas-entranhas-da-terra","tag-john-g-fuller-a-viagem-interrompida-1966","tag-leornard-euler","tag-no-transcurso-da-operacao-high-jump","tag-o-celebre-autor-de-tarzan","tag-o-editor-e-ufologo-ray-palmer","tag-os-ufologos-e-crentes-na-terra-oca","tag-ovnis-do-centro-da-terra","tag-polo-norte-em-fevereiro-de-1947-o-certo-e-que-byrd-sobrevoou-o-polo-sul-nesta-data","tag-que-continha-um-sol-central-e-que-estava-habitada-e-o-doutor-edmund-halley","tag-que-pertence-ao-departamento-de-comercio-dos-estados-unidos","tag-ray-palmer","tag-ray-palmer-publicou-sua-controvertida-teoria-em-1970","tag-terra-oca-1","tag-terra-oca-i","tag-um-genio-matematico-do-seculo-18-deduziu-que-a-terra-era-oca","tag-viagem-ao-centro-da-terra","tag-white-plains-new-york-em-1929"],"_links":{"self":[{"href":"https:\/\/www.motivacao.org\/blog\/wp-json\/wp\/v2\/posts\/2893","targetHints":{"allow":["GET"]}}],"collection":[{"href":"https:\/\/www.motivacao.org\/blog\/wp-json\/wp\/v2\/posts"}],"about":[{"href":"https:\/\/www.motivacao.org\/blog\/wp-json\/wp\/v2\/types\/post"}],"author":[{"embeddable":true,"href":"https:\/\/www.motivacao.org\/blog\/wp-json\/wp\/v2\/users\/1"}],"replies":[{"embeddable":true,"href":"https:\/\/www.motivacao.org\/blog\/wp-json\/wp\/v2\/comments?post=2893"}],"version-history":[{"count":10,"href":"https:\/\/www.motivacao.org\/blog\/wp-json\/wp\/v2\/posts\/2893\/revisions"}],"predecessor-version":[{"id":6734,"href":"https:\/\/www.motivacao.org\/blog\/wp-json\/wp\/v2\/posts\/2893\/revisions\/6734"}],"wp:attachment":[{"href":"https:\/\/www.motivacao.org\/blog\/wp-json\/wp\/v2\/media?parent=2893"}],"wp:term":[{"taxonomy":"category","embeddable":true,"href":"https:\/\/www.motivacao.org\/blog\/wp-json\/wp\/v2\/categories?post=2893"},{"taxonomy":"post_tag","embeddable":true,"href":"https:\/\/www.motivacao.org\/blog\/wp-json\/wp\/v2\/tags?post=2893"}],"curies":[{"name":"wp","href":"https:\/\/api.w.org\/{rel}","templated":true}]}}