{"id":2862,"date":"2011-06-30T01:48:41","date_gmt":"2011-06-30T04:48:41","guid":{"rendered":"http:\/\/www.motivacao.org\/blog\/?p=2862"},"modified":"2011-06-30T02:16:54","modified_gmt":"2011-06-30T05:16:54","slug":"a-mudanca-dr-wayne-dyer","status":"publish","type":"post","link":"https:\/\/www.motivacao.org\/blog\/2862","title":{"rendered":"A Mudan\u00e7a &#8211; Dr. Wayne Dyer"},"content":{"rendered":"<p><span style=\"color: #003300;\"><a title=\"O Terapeuta de mais destaque no Google!\" href=\"http:\/\/www.terapeutaonline.com\/\" target=\"_blank\"><span id=\"internal-source-marker_0.15391668644603695\" style=\"font-size: 10pt; font-family: Comic Sans MS; background-color: #ffffff; font-weight: bold; font-style: normal; text-decoration: none; vertical-align: baseline;\">Terapeuta On Line &#8211; Eg\u00eddio Garcia Coelho &#8211; IMMB<\/span><\/a><\/span><\/p>\n<p><span style=\"color: #003300;\">No IMMB nosso lema \u00e9 servir e quando recebi do site &#8220;SOMOS TODOS UM&#8221; o e-mail com este filme, lembrei que h\u00e1 muitos anos, quando tive a oportunidade de ler &#8220;O c\u00e9u \u00e9 o limite&#8221; de autoria do Dr. Wayne Dyer, minhha vida mudou e por isso, estou ajudando a divulgar este filme em nosso Portal de Informa\u00e7\u00f5es.<br \/>\nAbra\u00e7os<br \/>\nEg\u00eddio<br \/>\n&#8212;&#8212;&#8212;&#8212;&#8212;&#8212;&#8212;&#8212;&#8212;&#8212;&#8212;&#8211;x&#8212;&#8212;&#8212;&#8212;&#8212;&#8212;&#8212;&#8212;&#8212;&#8212;&#8212;&#8212;-x&#8212;&#8212;&#8212;&#8212;&#8212;&#8212;&#8212;&#8212;&#8212;&#8212;&#8212;&#8212;&#8212;-<\/span><\/p>\n<p><span style=\"color: #003300;\">Espero de cora\u00e7\u00e3o que V. possa encontrar tempo e a vontade de assistir ao filme:<\/span><br \/>\n<strong><br \/>\n<\/strong><\/p>\n<h2><span style=\"color: #003300;\"><strong><\/strong><a title=\"A Mudan\u00e7a - Dr.Wayne Dyer\" href=\"http:\/\/vimeo.com\/25639548\" target=\"_blank\">The Shift | Wayne Dyer &#8211; Documental<br \/>\nA Mudan\u00e7a &#8211; Dr. Wayne Dyer<\/a><\/span><\/h2>\n<p><span style=\"color: #003300;\"><em><br \/>\n<strong>A locu\u00e7\u00e3o original \u00e9 em ingl\u00eas e as legendas est\u00e3o em espanhol, mas n\u00e3o se assuste se n\u00e3o fala este idioma, pois \u00e9 tudo muito simples e ir\u00e1 acariciar a sua Alma&#8230;<br \/>\nDesejo muita transforma\u00e7\u00e3o em sua vida!<\/strong><\/em><\/span><\/p>\n<p><span style=\"color: #003300;\"><strong>Namast\u00ea (O Deus que \u00c9 em mim sa\u00fada o Deus que \u00c9 em Voc\u00ea).<br \/>\nSergio STUM<\/strong><\/span><\/p>\n<p><span style=\"color: #003300;\"><a title=\"O Terapeuta de mais destaque no Google!\" href=\"http:\/\/www.terapeutaonline.com\/\" target=\"_blank\"><span id=\"internal-source-marker_0.15391668644603695\" style=\"font-size: 10pt; font-family: Comic Sans MS; background-color: #ffffff; font-weight: bold; font-style: normal; text-decoration: none; vertical-align: baseline;\">Terapeuta On Line &#8211; Eg\u00eddio Garcia Coelho &#8211; IMMB.<\/span><\/a><\/span><\/p>\n","protected":false},"excerpt":{"rendered":"<p>Terapeuta On Line &#8211; Eg\u00eddio Garcia Coelho &#8211; IMMB No IMMB nosso lema \u00e9 servir e quando recebi do site &#8220;SOMOS TODOS UM&#8221; o e-mail com este filme, lembrei que h\u00e1 muitos anos, quando tive a oportunidade de ler &#8220;O&#8230;<a href=\"https:\/\/www.motivacao.org\/blog\/2862\">Read More&#8230;<\/a><\/p>\n","protected":false},"author":1,"featured_media":0,"comment_status":"open","ping_status":"open","sticky":false,"template":"","format":"standard","meta":{"footnotes":""},"categories":[5,9,239,8,7],"tags":[8539,13475,200,1926,8541,2023,8540,8538],"class_list":["post-2862","post","type-post","status-publish","format-standard","hentry","category-auto-ajuda","category-espiritual","category-mensagens","category-outros-autores","category-saude","tag-a-mudanca","tag-auto-ajuda","tag-consciencia","tag-espiritualidade","tag-namaste-o-deus-que-e-em-mim-sauda-o-deus-que-e-em-voce","tag-o-ceu-e-o-limite","tag-somos-todo-um","tag-the-shift-wayne-dyer-documental"],"_links":{"self":[{"href":"https:\/\/www.motivacao.org\/blog\/wp-json\/wp\/v2\/posts\/2862","targetHints":{"allow":["GET"]}}],"collection":[{"href":"https:\/\/www.motivacao.org\/blog\/wp-json\/wp\/v2\/posts"}],"about":[{"href":"https:\/\/www.motivacao.org\/blog\/wp-json\/wp\/v2\/types\/post"}],"author":[{"embeddable":true,"href":"https:\/\/www.motivacao.org\/blog\/wp-json\/wp\/v2\/users\/1"}],"replies":[{"embeddable":true,"href":"https:\/\/www.motivacao.org\/blog\/wp-json\/wp\/v2\/comments?post=2862"}],"version-history":[{"count":7,"href":"https:\/\/www.motivacao.org\/blog\/wp-json\/wp\/v2\/posts\/2862\/revisions"}],"predecessor-version":[{"id":2867,"href":"https:\/\/www.motivacao.org\/blog\/wp-json\/wp\/v2\/posts\/2862\/revisions\/2867"}],"wp:attachment":[{"href":"https:\/\/www.motivacao.org\/blog\/wp-json\/wp\/v2\/media?parent=2862"}],"wp:term":[{"taxonomy":"category","embeddable":true,"href":"https:\/\/www.motivacao.org\/blog\/wp-json\/wp\/v2\/categories?post=2862"},{"taxonomy":"post_tag","embeddable":true,"href":"https:\/\/www.motivacao.org\/blog\/wp-json\/wp\/v2\/tags?post=2862"}],"curies":[{"name":"wp","href":"https:\/\/api.w.org\/{rel}","templated":true}]}}