{"id":16,"date":"2007-08-28T20:03:48","date_gmt":"2007-08-29T03:03:48","guid":{"rendered":"http:\/\/www.motivacao.org\/blog\/16"},"modified":"2016-06-29T20:47:37","modified_gmt":"2016-06-29T23:47:37","slug":"maos-a-obra","status":"publish","type":"post","link":"https:\/\/www.motivacao.org\/blog\/16","title":{"rendered":"M\u00e3os a obra&#8230;"},"content":{"rendered":"<p><a href=\"http:\/\/radiowebimmb.com.br\" target=\"_blank\"><img decoding=\"async\" src=\"https:\/\/s3-sa-east-1.amazonaws.com\/radiofacil-upload\/2135\/cover\/6a89c594f5ad105c8f63593f49d20d4d.jpg\" alt=\"\" \/><\/a><\/p>\n<div id=\"content\">\n<div id=\"nav\">\n<div id=\"player\" class=\"bg-gray\">\n<div class=\"rf-player player-1 \">\n<div class=\"rf-width-control\">\n<div class=\"rf-padding-control\">\n<div class=\"rf-player-container\">\n<div id=\"rf-player-container\">\n<div class=\"rf-player-background\"><span class=\"social-item\"><a href=\"https:\/\/www.facebook.com\/egidiogarcia.coelho\" target=\"_blank\" rel=\"nofollow\"><img decoding=\"async\" title=\"Facebook\" src=\"https:\/\/s3-sa-east-1.amazonaws.com\/radiofacil-assets\/compressed\/img\/website\/social\/facebook.png?_t=27949253b57c4291faf9cdd8ca09b0fb\" alt=\"Facebook\" \/><\/a><\/span><span class=\"social-item\"><a href=\"https:\/\/plus.google.com\/+EgidioGarciaCoelho\" target=\"_blank\" rel=\"nofollow\"><img decoding=\"async\" title=\"Google+\" src=\"https:\/\/s3-sa-east-1.amazonaws.com\/radiofacil-assets\/compressed\/img\/website\/social\/googleplus.png?_t=27949253b57c4291faf9cdd8ca09b0fb\" alt=\"Google+\" \/><\/a><\/span><span class=\"social-item\"><a href=\"https:\/\/www.instagram.com\/egidioimmb\/\" target=\"_blank\" rel=\"nofollow\"><img decoding=\"async\" title=\"Instagram\" src=\"https:\/\/s3-sa-east-1.amazonaws.com\/radiofacil-assets\/compressed\/img\/website\/social\/instagram.png?_t=27949253b57c4291faf9cdd8ca09b0fb\" alt=\"Instagram\" \/><\/a><\/span><span class=\"social-item\"><a href=\"https:\/\/twitter.com\/egidioimmb\" target=\"_blank\" rel=\"nofollow\"><img decoding=\"async\" title=\"Twitter\" src=\"https:\/\/s3-sa-east-1.amazonaws.com\/radiofacil-assets\/compressed\/img\/website\/social\/twitter.png?_t=27949253b57c4291faf9cdd8ca09b0fb\" alt=\"Twitter\" \/><\/a><\/span><span class=\"social-item\"><a href=\"http:\/\/radiowebimmb.com.br\/contato\/\" target=\"_blank\" rel=\"nofollow\"><img decoding=\"async\" title=\"Whatsapp\" src=\"https:\/\/s3-sa-east-1.amazonaws.com\/radiofacil-assets\/compressed\/img\/website\/social\/whatsapp.png?_t=27949253b57c4291faf9cdd8ca09b0fb\" alt=\"Whatsapp\" \/><\/a><\/span><span class=\"social-item\"><a href=\"https:\/\/www.youtube.com\/user\/egidioimmb\" target=\"_blank\" rel=\"nofollow\"><img decoding=\"async\" title=\"Youtube\" src=\"https:\/\/s3-sa-east-1.amazonaws.com\/radiofacil-assets\/compressed\/img\/website\/social\/youtube.png?_t=27949253b57c4291faf9cdd8ca09b0fb\" alt=\"Youtube\" \/><\/a><\/span><\/div>\n<\/div>\n<\/div>\n<\/div>\n<\/div>\n<\/div>\n<\/div>\n<\/div>\n<\/div>\n<p><script src=\"https:\/\/www.google.com\/recaptcha\/api.js?render=explicit\" type=\"text\/javascript\"><\/script><\/p>\n<h2><span style=\"color: #003300;\">M\u00e3os a obra&#8230;<\/span><\/h2>\n<p><span style=\"text-decoration: underline;\"><span style=\"color: #003300;\"><a style=\"color: #003300; text-decoration: underline;\" href=\"http:\/\/www.recantodasletras.com.br\/autores\/egidio\" target=\"_blank\">Por: Eg\u00eddio Garcia Coelho<\/a><\/span><\/span><\/p>\n<p><span style=\"color: #003300;\">Quanto tempo perdemos na imagina\u00e7\u00e3o sem a\u00e7\u00e3o e por conseq\u00fc\u00eancia demoramos a alcan\u00e7ar nossos objetivos.<\/span><br \/>\n<span style=\"color: #003300;\"> Logo os fragmentos de ensinamentos que garimpamos dever\u00e3o ser fonte de reflex\u00e3o que nos leve a A\u00c7\u00c3O&#8230;<\/span><br \/>\n<span style=\"color: #003300;\"> Ent\u00e3o ta esperando o que? Vamos, &#8220;m\u00e3os a obra&#8230;&#8221;<\/span><\/p>\n<p><span style=\"color: #003300;\">Obs.: Inspira\u00e7\u00e3o para coment\u00e1rio feito na escrivaninha do nosso querido recantista CoelhoSol.<\/span><\/p>\n<p><span style=\"text-decoration: underline;\"><span style=\"color: #003300;\"><a style=\"color: #003300; text-decoration: underline;\" href=\"http:\/\/radiowebimmb.com.br\/\" target=\"_blank\">Eg\u00eddio Garcia Coelho<\/a><\/span><\/span><\/p>\n<p><span style=\"color: #003300;\">Publicado no Recanto das Letras em 10\/11\/2006<\/span><br \/>\n<span style=\"color: #003300;\"> C\u00f3digo do texto: T287717<\/span><br \/>\n<span style=\"color: #003300;\"> <!--Creative Commons License--><\/span><\/p>\n<table border=\"0\">\n<tbody>\n<tr>\n<td><span style=\"color: #003300;\"><a style=\"color: #003300;\" href=\"http:\/\/creativecommons.org\/licenses\/by-nc-nd\/2.5\/br\/\" target=\"_blank\"><img decoding=\"async\" src=\"http:\/\/recantodasletras.uol.com.br\/imagens\/somerights20.pt.png\" alt=\"\" border=\"0\" \/><\/a><\/span><\/td>\n<td><span style=\"color: #003300;\">Esta obra est\u00e1 licenciada sob uma <a style=\"color: #003300;\" href=\"http:\/\/creativecommons.org\/licenses\/by-nc-nd\/2.5\/br\/\" target=\"_blank\">Licen\u00e7a Creative Commons<\/a>. Voc\u00ea pode copiar, distribuir, exibir, executar, desde que seja dado cr\u00e9dito ao autor original (Eg\u00eddio Garcia Coelho). Voc\u00ea n\u00e3o pode fazer uso comercial desta obra. Voc\u00ea n\u00e3o pode criar obras derivadas.<\/span><\/td>\n<\/tr>\n<\/tbody>\n<\/table>\n","protected":false},"excerpt":{"rendered":"<p>M\u00e3os a obra&#8230; Por: Eg\u00eddio Garcia Coelho Quanto tempo perdemos na imagina\u00e7\u00e3o sem a\u00e7\u00e3o e por conseq\u00fc\u00eancia demoramos a alcan\u00e7ar nossos objetivos. Logo os fragmentos de ensinamentos que garimpamos dever\u00e3o ser fonte de reflex\u00e3o que nos leve a A\u00c7\u00c3O&#8230; Ent\u00e3o&#8230;<a href=\"https:\/\/www.motivacao.org\/blog\/16\">Read More&#8230;<\/a><\/p>\n","protected":false},"author":1,"featured_media":0,"comment_status":"open","ping_status":"open","sticky":false,"template":"","format":"standard","meta":{"footnotes":""},"categories":[5,239],"tags":[5889,5891,543,5890],"class_list":["post-16","post","type-post","status-publish","format-standard","hentry","category-auto-ajuda","category-mensagens","tag-fragmentos","tag-maos-a-obra","tag-motivacao","tag-nossos-objetivos"],"_links":{"self":[{"href":"https:\/\/www.motivacao.org\/blog\/wp-json\/wp\/v2\/posts\/16","targetHints":{"allow":["GET"]}}],"collection":[{"href":"https:\/\/www.motivacao.org\/blog\/wp-json\/wp\/v2\/posts"}],"about":[{"href":"https:\/\/www.motivacao.org\/blog\/wp-json\/wp\/v2\/types\/post"}],"author":[{"embeddable":true,"href":"https:\/\/www.motivacao.org\/blog\/wp-json\/wp\/v2\/users\/1"}],"replies":[{"embeddable":true,"href":"https:\/\/www.motivacao.org\/blog\/wp-json\/wp\/v2\/comments?post=16"}],"version-history":[{"count":4,"href":"https:\/\/www.motivacao.org\/blog\/wp-json\/wp\/v2\/posts\/16\/revisions"}],"predecessor-version":[{"id":6588,"href":"https:\/\/www.motivacao.org\/blog\/wp-json\/wp\/v2\/posts\/16\/revisions\/6588"}],"wp:attachment":[{"href":"https:\/\/www.motivacao.org\/blog\/wp-json\/wp\/v2\/media?parent=16"}],"wp:term":[{"taxonomy":"category","embeddable":true,"href":"https:\/\/www.motivacao.org\/blog\/wp-json\/wp\/v2\/categories?post=16"},{"taxonomy":"post_tag","embeddable":true,"href":"https:\/\/www.motivacao.org\/blog\/wp-json\/wp\/v2\/tags?post=16"}],"curies":[{"name":"wp","href":"https:\/\/api.w.org\/{rel}","templated":true}]}}