{"id":1236,"date":"2009-04-24T13:12:09","date_gmt":"2009-04-24T16:12:09","guid":{"rendered":"http:\/\/www.motivacao.org\/blog\/?p=1236"},"modified":"2012-01-04T23:16:16","modified_gmt":"2012-01-05T02:16:16","slug":"motivacao","status":"publish","type":"post","link":"https:\/\/www.motivacao.org\/blog\/1236","title":{"rendered":"Motiva\u00e7\u00e3o &#8211; Motive-se para agir!"},"content":{"rendered":"<p style=\"color: #274e13; font-family: Comic Sans MS; text-align: center;\"><span style=\"font-size: small;\"><strong><a title=\"Um jeito f\u00e1cil de aprender...!\" href=\"http:\/\/www.terapeutaonline.com\/\" target=\"_blank\">Terapeuta On line<\/a><\/strong><\/span><\/p>\n<p style=\"text-align: center;\"><span style=\"font-size: small;\"><strong><a title=\"Hospedagens com tratamento terap\u00eautico!\" href=\"http:\/\/www.holospa.com.br\/\" target=\"_blank\">Holo Spa Vale Encantado<br \/>\n<\/a><\/strong><\/span><strong><a title=\"Hospedagens com tratamento terap\u00eautico!\" rel=\"lightbox[pics1236]\" href=\"http:\/\/www.holospa.com.br\" target=\"_blank\"><img loading=\"lazy\" decoding=\"async\" class=\"attachment wp-att-3331 centered\" src=\"http:\/\/www.motivacao.org\/blog\/wp-content\/uploads\/2012\/01\/logoholospa.jpg\" alt=\"logoholospa\" width=\"117\" height=\"48\" \/><\/a><\/strong><\/p>\n<p style=\"color: #274e13; font-family: Comic Sans MS;\"><strong><span style=\"font-size: small;\">Motiva\u00e7\u00e3o &#8211; Motive-se para agir!<\/span><\/strong><br \/>\n<span style=\"font-size: small;\">Ou\u00e7o que est\u00e1 fora de moda falar de motiva\u00e7\u00e3o e h\u00e1 quem diga detestar ouvir coment\u00e1rios sobre autoajuda&#8230; E tenho que respeitar, diante da \u00a0liberdade de express\u00e3o!<\/span><\/p>\n<p style=\"color: #274e13; font-family: Comic Sans MS;\"><span style=\"font-size: small;\">Por\u00e9m, preciso ter consci\u00eancia de que pouco importa o que sou incapaz de fazer, mas tenho que explorar tudo sem nenhuma limita\u00e7\u00e3o de for\u00e7as e dedica\u00e7\u00e3o, para aprender coisas que serei capaz de fazer do meu jeito e ent\u00e3o, quem sabe, eu possa um dia me sentir realizado.<\/span><\/p>\n<p style=\"color: #274e13; font-family: Comic Sans MS;\"><span style=\"font-size: small;\">Palavras movem, mas, exemplos arrastam e nada melhor que uma boa reflex\u00e3o para que eu possa valorizar e aproveitar melhor a utiliza\u00e7\u00e3o do meu corpo que foi o maior presente que me proporciona, entre outras tantas coisas, o transporte do meu esp\u00edrito nesta desafiante jornada de exist\u00eancia humana na terceira dimens\u00e3o do mundo f\u00edsico. <\/span><\/p>\n<p class=\"MsoNormal\" style=\"color: #274e13; font-family: Comic Sans MS;\"><span style=\"font-size: small;\">Abaixo um daqueles v\u00eddeos que me deixa parecer um tolo emotivo, pois, conter l\u00e1grimas diante do meu comodismo \u00e9 quase imposs\u00edvel&#8230; <\/span><\/p>\n<p class=\"MsoNormal\" style=\"color: #274e13; font-family: Comic Sans MS;\"><a title=\"Parapsic\u00f3logo Holoterapeuta - CRT 37091\" href=\"http:\/\/www.motivacao.org\/produtos\/index.php?cate1_cod=60\" target=\"_blank\"><span style=\"font-size: small;\">Abra\u00e7os, paz e b\u00ean\u00e7\u00e3o<br \/>\nEg\u00eddio Garcia Coelho<\/span><\/a><\/p>\n<p class=\"MsoNormal\" style=\"color: #274e13; font-family: Comic Sans MS;\"><strong><span style=\"font-size: small;\">Assista <span class=\"description\">Nick Vujicic &#8211; Exemplo de for\u00e7a de vontade!<\/span><\/span><\/strong><\/p>\n<p><object width=\"445\" height=\"364\" data=\"http:\/\/www.youtube.com\/v\/pohPHJSPDcE&amp;hl=pt-br&amp;fs=1&amp;border=1\" type=\"application\/x-shockwave-flash\"><param name=\"allowFullScreen\" value=\"true\" \/><param name=\"allowscriptaccess\" value=\"always\" \/><param name=\"src\" value=\"http:\/\/www.youtube.com\/v\/pohPHJSPDcE&amp;hl=pt-br&amp;fs=1&amp;border=1\" \/><param name=\"allowfullscreen\" value=\"true\" \/><\/object><\/p>\n<p><span style=\"font-size: small;\"><span style=\"font-size: medium;\"><strong><span style=\"color: #274e13;\">Mais v\u00eddeos de NICK <\/span><\/strong><\/span><\/span><\/p>\n<p><a title=\"Perspectiva, Vis\u00e3o e Escolhas - Nick Vujicic \" href=\"http:\/\/www.motivacao.org\/blog\/1242\" target=\"_blank\"><span style=\"font-size: small;\"><span style=\"font-size: medium;\"><strong><span style=\"color: #274e13;\">Aqui: Perspectiva, Vis\u00e3o e Escolhas &#8211; Nick Vujicic <\/span><\/strong><\/span><\/span><\/a><\/p>\n<p style=\"color: #274e13; font-family: Comic Sans MS; text-align: center;\"><span style=\"font-size: small;\"><strong><a title=\"Um jeito f\u00e1cil de aprender...!\" href=\"http:\/\/www.terapeutaonline.com\/\" target=\"_blank\">Terapeuta On line<\/a><\/strong><\/span><\/p>\n<p style=\"text-align: center;\"><span style=\"font-size: small;\"><strong><a title=\"Hospedagens com tratamento terap\u00eautico!\" href=\"http:\/\/www.holospa.com.br\/\" target=\"_blank\">Holo Spa Vale Encantado<\/a><\/strong><\/span><\/p>\n","protected":false},"excerpt":{"rendered":"<p>Terapeuta On line Holo Spa Vale Encantado Motiva\u00e7\u00e3o &#8211; Motive-se para agir! Ou\u00e7o que est\u00e1 fora de moda falar de motiva\u00e7\u00e3o e h\u00e1 quem diga detestar ouvir coment\u00e1rios sobre autoajuda&#8230; E tenho que respeitar, diante da \u00a0liberdade de express\u00e3o! Por\u00e9m,&#8230;<a href=\"https:\/\/www.motivacao.org\/blog\/1236\">Read More&#8230;<\/a><\/p>\n","protected":false},"author":1,"featured_media":0,"comment_status":"open","ping_status":"open","sticky":false,"template":"","format":"standard","meta":{"footnotes":""},"categories":[5,24,239,33,8],"tags":[3434,3430,3453,3449,3429,3454,3438,3447,3426,3440,3457,3443,3450,3427,3437,3435,3446,3441,543,3425,3038,3456,3448,3442,3436,3431,3433,3432,3455,3439,3428,3451,3418,3452,3445,3444],"class_list":["post-1236","post","type-post","status-publish","format-standard","hentry","category-auto-ajuda","category-curiosidades","category-mensagens","category-oportunidade","category-outros-autores","tag-aprender-coisas-que-serei-capaz","tag-comentarios-sobre-autoajuda","tag-conter-lagrimas","tag-desafiante-jornada","tag-diante-da-liberdade-de-expressao","tag-diante-do-meu-comodismo","tag-e-entao","tag-entre-outras-tantas-coisas","tag-esta-fora-de-moda","tag-eu-possa-um-dia","tag-exemplo-de-forca-de-vontade","tag-exemplos-arrastam","tag-existencia-humana","tag-falar-de-motivacao","tag-fazer-do-meu-jeito","tag-forcas-e-dedicacao","tag-maior-presente-que-me-proporciona","tag-me-sentir-realizado","tag-motivacao","tag-motive-se-para-agir","tag-mundo-fisico","tag-nick-vujicic","tag-o-transporte-do-meu-espirito","tag-palavras-movem","tag-para-aprender-coisas","tag-porem","tag-pouco-importa-o-que-sou-incapaz","tag-preciso-ter-consciencia","tag-quase-impossivel","tag-quem-sabe","tag-tenho-que-respeitar","tag-terceira-dimensao","tag-tolo-emotivo","tag-um-daqueles-videos","tag-utilizacao-do-meu-corpo","tag-valorizar-e-aproveitar-melhor"],"_links":{"self":[{"href":"https:\/\/www.motivacao.org\/blog\/wp-json\/wp\/v2\/posts\/1236","targetHints":{"allow":["GET"]}}],"collection":[{"href":"https:\/\/www.motivacao.org\/blog\/wp-json\/wp\/v2\/posts"}],"about":[{"href":"https:\/\/www.motivacao.org\/blog\/wp-json\/wp\/v2\/types\/post"}],"author":[{"embeddable":true,"href":"https:\/\/www.motivacao.org\/blog\/wp-json\/wp\/v2\/users\/1"}],"replies":[{"embeddable":true,"href":"https:\/\/www.motivacao.org\/blog\/wp-json\/wp\/v2\/comments?post=1236"}],"version-history":[{"count":8,"href":"https:\/\/www.motivacao.org\/blog\/wp-json\/wp\/v2\/posts\/1236\/revisions"}],"predecessor-version":[{"id":1239,"href":"https:\/\/www.motivacao.org\/blog\/wp-json\/wp\/v2\/posts\/1236\/revisions\/1239"}],"wp:attachment":[{"href":"https:\/\/www.motivacao.org\/blog\/wp-json\/wp\/v2\/media?parent=1236"}],"wp:term":[{"taxonomy":"category","embeddable":true,"href":"https:\/\/www.motivacao.org\/blog\/wp-json\/wp\/v2\/categories?post=1236"},{"taxonomy":"post_tag","embeddable":true,"href":"https:\/\/www.motivacao.org\/blog\/wp-json\/wp\/v2\/tags?post=1236"}],"curies":[{"name":"wp","href":"https:\/\/api.w.org\/{rel}","templated":true}]}}