{"id":1136,"date":"2009-04-01T15:04:22","date_gmt":"2009-04-01T18:04:22","guid":{"rendered":"http:\/\/www.motivacao.org\/blog\/?p=1136"},"modified":"2014-03-06T12:04:56","modified_gmt":"2014-03-06T15:04:56","slug":"polemico-crencas-e-fanatismos","status":"publish","type":"post","link":"https:\/\/www.motivacao.org\/blog\/1136","title":{"rendered":"Pol\u00eamico! Cren\u00e7as e fanatismos&#8230;"},"content":{"rendered":"<p class=\"MsoNormal\"><strong><span style=\"font-family: &quot;Comic Sans MS&quot;; color: #274e13;\"><a title=\"Um jeito f\u00e1cil de aprender...!\" href=\"http:\/\/www.terapeutaonline.com\" target=\"_blank\"><span style=\"color: blue;\">Terapeuta Online\/Ensino a Dist\u00e2ncia\/Autoajuda<\/span><\/a><\/span><\/strong><\/p>\n<p><a title=\"Centro de Eventos e Tratamento Holoterap\u00eautico.\" href=\"http:\/\/www.motivacao.org\/blog\/1898\" target=\"_blank\"><img loading=\"lazy\" decoding=\"async\" src=\"http:\/\/www.motivacao.org\/icones\/Holo_Spa_Vale_Encantado.jpg\" border=\"0\" alt=\"Holo Spa - Vale Encantado\" width=\"163\" height=\"62\" \/><\/a><\/p>\n<p class=\"MsoNormal\" style=\"color: #274e13; font-family: Comic Sans MS;\"><strong><span style=\"font-size: small;\">Pol\u00eamico! Cren\u00e7as e fanatismos&#8230;<br \/>\n<\/span><\/strong><\/p>\n<p class=\"MsoNormal\" style=\"color: #274e13; font-family: Comic Sans MS;\">\n<p class=\"MsoNormal\" style=\"color: #274e13; font-family: Comic Sans MS;\"><strong><span style=\"font-size: small;\">Diante de algumas solicita\u00e7\u00f5es pertinentes ao tema, resolvi trazer este post da minha <a title=\"Minha Escrivaninha Eletr\u00f4nica!\" href=\"http:\/\/recantodasletras.uol.com.br\/autor.php?id=748\" target=\"_blank\">Escrivaninha Eletr\u00f4nica<\/a><a title=\"Minha escrivaninha eletr\u00f4nica!\" href=\"http:\/\/recantodasletras.uol.com.br\/autor.php?id=748\" target=\"_blank\"> no Recanto das Letras.<\/a><\/span><\/strong><\/p>\n<p><span style=\"font-family: &quot;Comic Sans MS&quot;; color: #76923c;\"><span style=\"font-size: small;\"><a title=\"Parapsic\u00f3logo Holoterapeuta - CRT 37091\" href=\"http:\/\/www.motivacao.org\/produtos\/index.php?cate1_cod=60\" target=\"_blank\"><span style=\"color: #274e13; font-family: Comic Sans MS;\">Por: Eg\u00eddio Garcia Coelho<\/span><\/a><br style=\"color: #274e13; font-family: Comic Sans MS;\" \/> <br style=\"color: #274e13; font-family: Comic Sans MS;\" \/> <span style=\"color: #274e13; font-family: Comic Sans MS;\">Pol\u00eamico!<\/span><br style=\"color: #274e13; font-family: Comic Sans MS;\" \/> <br style=\"color: #274e13; font-family: Comic Sans MS;\" \/><span style=\"color: #274e13; font-family: Comic Sans MS;\"> Das tantas falhas que j\u00e1 cometi na atual exist\u00eancia, tenho consci\u00eancia de que algumas ainda terei que prestar contas e mesmo sabendo que tudo acontece a seu tempo e com um prop\u00f3sito, me envergonho ao recordar certas atitudes.<\/span><br style=\"color: #274e13; font-family: Comic Sans MS;\" \/><span style=\"color: #274e13; font-family: Comic Sans MS;\"> Tendo eu uma boa performance para falar em p\u00fablico, foram muitas \u00e0s vezes que me expressei dizendo categoricamente acreditar ou n\u00e3o em alguma coisa.<\/span><br style=\"color: #274e13; font-family: Comic Sans MS;\" \/><span style=\"color: #274e13; font-family: Comic Sans MS;\"> Por\u00e9m, na medida que o tempo foi passando e o universo me proporcionando novas oportunidades de conhecimento, passei a perceber que muitas das minhas verdades ca\u00edram por terra e com isso sei que nunca mais poderei corrigir algumas afirma\u00e7\u00f5es que foram feitas por mim.<\/span><br style=\"color: #274e13; font-family: Comic Sans MS;\" \/><span style=\"color: #274e13; font-family: Comic Sans MS;\"> Como praticante da minha religi\u00e3o, enfrentei s\u00e9rias dificuldades para romper as barreiras dogm\u00e1ticas e filos\u00f3ficas que me foram impostas sistematicamente seguindo uma doutrina tendenciosa, originada na ambi\u00e7\u00e3o de um imperador (Constantino) que determinou por decreto a altera\u00e7\u00e3o de ensinamentos primitivos e aut\u00eanticos que vinham sendo preservados por comunidades crist\u00e3s perseguidas at\u00e9 o in\u00edcio do s\u00e9culo IV no ano 313.<\/span><br style=\"color: #274e13; font-family: Comic Sans MS;\" \/><span style=\"color: #274e13; font-family: Comic Sans MS;\"> Como se n\u00e3o bastasse, em apenas mais dois s\u00e9culos depois, mais precisamente no ano 553, ou seja, em meados do s\u00e9culo VI, outro imperador (Justiniano) resolve num conc\u00edlio por fim a reencarna\u00e7\u00e3o como se tivesse o poder divino de interferir na roda do samsara para evitar que a fam\u00edlia imperial viesse a prestar contas das suas extravag\u00e2ncias em exist\u00eancias futuras. Surge dentro da nova igreja com pouco mais de duzentos anos que havia sido originada das comunidades crist\u00e3s primitivas, j\u00e1 alterada por imposi\u00e7\u00f5es pol\u00edticas, uma nova doutrina que se arrasta at\u00e9 hoje trazendo pol\u00eamicas e causando seq\u00fcelas psicol\u00f3gicas a tantas pessoas no mundo inteiro.<\/span><br style=\"color: #274e13; font-family: Comic Sans MS;\" \/><span style=\"color: #274e13; font-family: Comic Sans MS;\"> Envergonho-me pelas tantas vezes que atr\u00e1s de um microfone critiquei com veem\u00eancia aos que discordavam da minha doutrina.<\/span><br style=\"color: #274e13; font-family: Comic Sans MS;\" \/><span style=\"color: #274e13; font-family: Comic Sans MS;\"> Hoje sei o quanto \u00e9 f\u00e1cil manipular a massa humana e me sinto triste pela falsa liberdade que pensamos ter.<\/span><br style=\"color: #274e13; font-family: Comic Sans MS;\" \/><span style=\"color: #274e13; font-family: Comic Sans MS;\"> \u00c9 dolorido saber que sempre que batemos no peito defendendo acreditar ou n\u00e3o em alguma coisa, estamos na verdade respondendo aos condicionamentos que nos foram impostos gradativamente por lideran\u00e7as pol\u00edticas, religiosas ou heran\u00e7as culturais equivocadas.<\/span><br style=\"color: #274e13; font-family: Comic Sans MS;\" \/><span style=\"color: #274e13; font-family: Comic Sans MS;\"> Precisamos parar de nos deixar escravizar por cren\u00e7as, buscando na hist\u00f3ria antiga, nos prim\u00f3rdios, algum esclarecimento para tantas perguntas sem respostas e que nos fazem engolir como mist\u00e9rios divinos.<\/span><br style=\"color: #274e13; font-family: Comic Sans MS;\" \/><span style=\"color: #274e13; font-family: Comic Sans MS;\"> Devemos nos habituar diariamente a reservar um tempo espec\u00edfico para a medita\u00e7\u00e3o, onde podemos buscar dentro de n\u00f3s mesmos os esclarecimentos que podem vir a derrubar tantos dogmas que nos fazem alterar nossa maneira de pensar, limitando-nos numa jornada t\u00e3o curta.<\/span><br style=\"color: #274e13; font-family: Comic Sans MS;\" \/><span style=\"color: #274e13; font-family: Comic Sans MS;\"> Muitas s\u00e3o as pessoas que se sentem possessas diante de textos como este e defendem seus pontos de vista baseados em informa\u00e7\u00f5es alheias que sofreram altera\u00e7\u00f5es ao longo da hist\u00f3ria por lideran\u00e7as ignorantes ou mal intencionadas. Poderiam estas pessoas, antes de ficarem na velha argumenta\u00e7\u00e3o de que n\u00e3o existem provas evidentes que possam contrari\u00e1-las, iniciar uma jornada de exerc\u00edcios capaz de lev\u00e1-las ao sil\u00eancio interior, onde tudo se revela poupando-as de cedo ou tarde, terem que passar por desilus\u00f5es constrangedoras. Se a verdade habita dentro de cada um, n\u00e3o se faz necess\u00e1rio defender verdades dos outros. E muito menos ter que provar nada a ningu\u00e9m.<\/span><br style=\"color: #274e13; font-family: Comic Sans MS;\" \/><span style=\"color: #274e13; font-family: Comic Sans MS;\"> Cada um a seu tempo e segundo seu m\u00e9rito, pela disciplina nas suas pr\u00e1ticas, vai alcan\u00e7ando entendimento e compreens\u00e3o capaz de permitir a conquista de mais um degrau no seu desenvolvimento espiritual que est\u00e1 bem longe do seu desenvolvimento intelectual.<\/span><br style=\"color: #274e13; font-family: Comic Sans MS;\" \/><span style=\"color: #274e13; font-family: Comic Sans MS;\"> Um analfabeto, por ter menos necessidade de fazer questionamentos, pode se desenvolver espiritualmente com mais rapidez. Quanto maior for o desenvolvimento intelectual, mais dif\u00edcil ser\u00e1 se permitir \u00e0 entrega necess\u00e1ria aos exerc\u00edcios que levam o ser humano ao encontro com sua divindade.<\/span><br style=\"color: #274e13; font-family: Comic Sans MS;\" \/><span style=\"color: #274e13; font-family: Comic Sans MS;\"> S\u00e3o muitos os fan\u00e1ticos que se deixam enganar por fantasias mentais criadas por dogmas plantados sistematicamente por institui\u00e7\u00f5es religiosas. Por isso se faz necess\u00e1rio um treinamento persistente e livre de tend\u00eancias religiosas, principalmente das mais recentes sem ra\u00edzes filos\u00f3ficas profundas.<\/span><br style=\"color: #274e13; font-family: Comic Sans MS;\" \/><span style=\"color: #274e13; font-family: Comic Sans MS;\"> As religi\u00f5es t\u00eam um papel importante na sociedade, religando o ser humano ao divino. Muitos s\u00e3o aqueles que gra\u00e7as a uma religi\u00e3o se reencontraram e hoje s\u00e3o respeitados na sociedade. S\u00f3 que a doutrina ou o fanatismo pode levar tamb\u00e9m a uma estagna\u00e7\u00e3o do desenvolvimento espiritual, onde o AMOR \u00e9 ignorado em defesa da sua institui\u00e7\u00e3o e\/ou cren\u00e7a.<\/span><br style=\"color: #274e13; font-family: Comic Sans MS;\" \/><span style=\"color: #274e13; font-family: Comic Sans MS;\"> Eu continuo <strong>frequentando<\/strong> minha igreja cat\u00f3lica, s\u00f3 que n\u00e3o mais me submeto ao que percebo na doutrina que me traz limita\u00e7\u00e3o. L\u00e1 dentro permane\u00e7o calado e sofro quando minha inspira\u00e7\u00e3o me faz ter que escrever algo que acaba por contrariar o que um dia foi meu alicerce. Aprendi dentro dela com devo\u00e7\u00e3o e ora\u00e7\u00e3o, o que hoje me faz discordar da sua doutrina na \u00edntegra. Por\u00e9m, conhecendo a fragilidade humana, compreendo a necessidade da manuten\u00e7\u00e3o da doutrina que sofre pequenas altera\u00e7\u00f5es de forma gradativa pelo bem da massa que n\u00e3o suportaria uma radical mudan\u00e7a. Foram erros antigos que s\u00f3 com muito tempo vir\u00e3o a ser corrigidos.<\/span><br style=\"color: #274e13; font-family: Comic Sans MS;\" \/><span style=\"color: #274e13; font-family: Comic Sans MS;\"> A cada dia que passa, venho observando o crescimento de institui\u00e7\u00f5es religiosas que surgem gra\u00e7as a inquietude do ser humano que tenta preencher o vazio causado por falta de respostas, sempre que se aprofunda um pouco nas quest\u00f5es relacionadas a sua origem e\/ou exist\u00eancia.<\/span><br style=\"color: #274e13; font-family: Comic Sans MS;\" \/><span style=\"color: #274e13; font-family: Comic Sans MS;\"> Allan Kardec, deu um grande passo para desmascarar as falsas doutrinas que persistem em querer ignorar a reencarna\u00e7\u00e3o. Por\u00e9m, a exemplo do que aconteceu com S\u00f3crates, Plat\u00e3o e Arist\u00f3teles, que foram desenvolvendo e complementando a filosofia ocidental que tanto nos ajuda, deve ter faltado uma continuidade na doutrina esp\u00edrita ou um melhor entendimento da revela\u00e7\u00e3o inspirada por Kardec.<\/span><br style=\"color: #274e13; font-family: Comic Sans MS;\" \/><span style=\"color: #274e13; font-family: Comic Sans MS;\"> Por ser mal compreendido, muitas s\u00e3o as fac\u00e7\u00f5es da ci\u00eancia esp\u00edrita que se formam sem um embasamento de profundidade espiritual, levando um grande n\u00famero de pessoas a um pseudo desenvolvimento espiritual sem a necess\u00e1ria elimina\u00e7\u00e3o dos egos (os sete pecados capitais) permitindo que se pense poder atrav\u00e9s do intelecto alcan\u00e7ar a ilumina\u00e7\u00e3o.<\/span><br style=\"color: #274e13; font-family: Comic Sans MS;\" \/><span style=\"color: #274e13; font-family: Comic Sans MS;\"> Conhecemos muitas pessoas que nunca experimentaram a quietude da mente e vivem proferindo palestras, fantasiando degraus de evolu\u00e7\u00e3o ut\u00f3picos, causando frustra\u00e7\u00f5es aos adeptos mais dedicados.<\/span><br style=\"color: #274e13; font-family: Comic Sans MS;\" \/><span style=\"color: #274e13; font-family: Comic Sans MS;\"> Nosso corpo \u00e9 um Templo Sagrado e exclusivo para que nosso esp\u00edrito possa se locomover no mundo f\u00edsico da terceira dimens\u00e3o. Portanto, est\u00e1 errado que se deixe invadir, invocando esp\u00edritos desencarnados. Mais errado ainda, est\u00e1 o esp\u00edrito desencarnado que faz uso do corpo de algu\u00e9m (incorpora) para se manifestar. Quando o faz para trazer bons ensinamentos, \u00e9 um equivocado sincero que permanece apegado ao mundo f\u00edsico, deixando de seguir seu destino em outros planos, al\u00e9m de ignorar que est\u00e1 cometendo um ato que contraria as leis divinas.<\/span><br style=\"color: #274e13; font-family: Comic Sans MS;\" \/><span style=\"color: #274e13; font-family: Comic Sans MS;\"> Quando desencarnamos ainda com egos em evid\u00eancia, corremos o risco de ficar voltando para sentir o prest\u00edgio que durante a exist\u00eancia no corpo f\u00edsico n\u00e3o obtivemos. E na ilus\u00e3o passamos a transmitir aqueles bonitos ensinamentos que antes n\u00e3o eram considerados, partindo da nossa manifesta\u00e7\u00e3o na exist\u00eancia f\u00edsica. E assim alimentaremos nossos egos famintos que seguem agindo pela vida eterna at\u00e9 a ilumina\u00e7\u00e3o que um dia chegar\u00e1 por m\u00e9rito.<\/span><br style=\"color: #274e13; font-family: Comic Sans MS;\" \/><span style=\"color: #274e13; font-family: Comic Sans MS;\"> Quem est\u00e1 lendo at\u00e9 aqui, j\u00e1 pode se considerar um privilegiado. N\u00e3o por estar eu convencido de que tenha ensinado alguma coisa, mas sim pela sua liberdade de poder partilhar de outros pontos de vista mesmo que divergentes, treinando assim sua mente para partir ou se manter numa incans\u00e1vel busca at\u00e9 que a quietude se instale no seu cora\u00e7\u00e3o.<\/span><br style=\"color: #274e13; font-family: Comic Sans MS;\" \/><span style=\"color: #274e13; font-family: Comic Sans MS;\"> Saiba que de tudo na vida, o que vale mesmo \u00e9 o resultado. E sempre que dentro de n\u00f3s se manifesta uma revolta, \u00e9 sinal de que algum ego foi ferido e estamos nos deixando influenciar na ilus\u00e3o de que \u00e9 um sentimento nosso. Como disse antes, egos s\u00e3o derivados dos sete pecados capitais. Ent\u00e3o, antes de acreditarmos em algu\u00e9m ou em n\u00f3s mesmos, precisamos avaliar os resultados das rea\u00e7\u00f5es diante de qualquer contrariedade.<\/span><br style=\"color: #274e13; font-family: Comic Sans MS;\" \/><span style=\"color: #274e13; font-family: Comic Sans MS;\"> Onde existe AMOR, n\u00e3o existe competi\u00e7\u00e3o. E sempre que nos sentimos com vontade ou no direito de defender um ponto de vista tendo que contrariar algu\u00e9m, est\u00e1 caracterizada uma competi\u00e7\u00e3o. Quem \u00e9, j\u00e1 \u00e9! E n\u00e3o precisar provar nada a ningu\u00e9m. A necessidade de provar \u00e9 uma forma de competir. E dentro da pedagogia que fomos submetidos, sendo praticamente imposs\u00edvel viver sem competir, temos que aprender e come\u00e7ar a mudar nossa forma de encarar a competi\u00e7\u00e3o.<\/span><br style=\"color: #274e13; font-family: Comic Sans MS;\" \/><span style=\"color: #274e13; font-family: Comic Sans MS;\"> Precisamos aprender a ver no outro um referencial para que possamos despertar o que de melhor podemos fazer. Assim, sempre que estivermos diante de uma competi\u00e7\u00e3o, estaremos na verdade com uma oportunidade para dar o melhor de n\u00f3s e nunca visando unicamente \u00e0 derrota do outro.<\/span><br style=\"color: #274e13; font-family: Comic Sans MS;\" \/><span style=\"color: #274e13; font-family: Comic Sans MS;\"> Sempre respeitaremos o outro, mesmo que o outro ainda n\u00e3o tenha alcan\u00e7ado tal entendimento. Quem vive na ilumina\u00e7\u00e3o, ou seja, no AMOR, sempre que percebe falhas alheias, compreende e perdoa instantaneamente sem precisar fazer uso da raz\u00e3o.<\/span><br style=\"color: #274e13; font-family: Comic Sans MS;\" \/><span style=\"color: #274e13; font-family: Comic Sans MS;\"> Portanto, se voc\u00ea se julga um(a) iluminado(a), deve provavelmente, estar agora diante de uma grande prova\u00e7\u00e3o. Se j\u00e1 me perdoou pelo atrevimento de escrever este texto, pode j\u00e1 estar no caminho da ilumina\u00e7\u00e3o, do contr\u00e1rio, saiba que se os seus dogmas foram feridos e est\u00e1 p&#8230; da vida comigo, \u00e9 um sinal de alerta, al\u00e9m de naturalmente passar a me ver com outros olhos&#8230;<\/span><br style=\"color: #274e13; font-family: Comic Sans MS;\" \/> <br style=\"color: #274e13; font-family: Comic Sans MS;\" \/><span style=\"color: #274e13; font-family: Comic Sans MS;\"> Fpolis, 15\/09\/2005<\/span><\/span><\/span><\/p>\n<p class=\"MsoNormal\" style=\"color: #274e13;\"><a title=\"Parapsic\u00f3logo Holoterapeuta - CRT 37091\" href=\"http:\/\/recantodasletras.uol.com.br\/autor.php?id=748\" target=\"_blank\"><span style=\"font-size: small;\"><strong><span style=\"font-family: &quot;Comic Sans MS&quot;;\">Eg\u00eddio Garcia Coelho<\/span><\/strong><\/span><\/a><\/p>\n<p class=\"MsoNormal\" style=\"color: #274e13;\"><span style=\"font-size: small;\"><strong><span style=\"font-family: &quot;Comic Sans MS&quot;;\">Publicado no Recanto das Letras em 15\/09\/2005<br \/>\nC\u00f3digo do texto: T50702<\/span><\/strong><\/span><\/p>\n<p class=\"MsoNormal\"><a href=\"http:\/\/creativecommons.org\/licenses\/by-nc-nd\/2.5\/br\/\" target=\"_blank\"><img decoding=\"async\" style=\"margin-right: 10px;\" src=\"http:\/\/recantodasletras.uol.com.br\/imagens\/somerights20.pt.png\" border=\"0\" alt=\"\" \/><span style=\"font-size: x-small;\"><span style=\"font-family: &quot;Comic Sans MS&quot;; color: #76923c;\">Esta obra est\u00e1 licenciada sob uma <\/span><\/span><\/a><a href=\"http:\/\/creativecommons.org\/licenses\/by-nc-nd\/2.5\/br\/\" target=\"_blank\"><span style=\"color: #76923c;\">Licen\u00e7a Creative Commons<\/span><\/a>. <span style=\"font-size: x-small;\"><span style=\"font-size: x-small;\"><span style=\"font-family: &quot;Comic Sans MS&quot;; color: #274e13;\">Voc\u00ea pode copiar, distribuir, exibir, executar, desde que seja dado cr\u00e9dito ao autor original <em>(Eg\u00eddio Garcia Coelho)<\/em>. Voc\u00ea n\u00e3o pode fazer uso comercial desta obra. Voc\u00ea n\u00e3o pode criar obras derivadas.<\/span><\/span><\/span><\/p>\n<p class=\"MsoNormal\"><strong><span style=\"font-family: &quot;Comic Sans MS&quot;; color: #274e13;\"><a title=\"Um jeito f\u00e1cil de aprender...!\" href=\"http:\/\/www.terapeutaonline.com\" target=\"_blank\"><span style=\"color: blue;\">Terapeuta On Line\/Ensino a Dist\u00e2ncia\/Autoajuda<\/span><\/a><\/span><\/strong><\/p>\n","protected":false},"excerpt":{"rendered":"<p>Terapeuta Online\/Ensino a Dist\u00e2ncia\/Autoajuda Pol\u00eamico! Cren\u00e7as e fanatismos&#8230; Diante de algumas solicita\u00e7\u00f5es pertinentes ao tema, resolvi trazer este post da minha Escrivaninha Eletr\u00f4nica no Recanto das Letras. Por: Eg\u00eddio Garcia Coelho Pol\u00eamico! Das tantas falhas que j\u00e1 cometi na atual&#8230;<a href=\"https:\/\/www.motivacao.org\/blog\/1136\">Read More&#8230;<\/a><\/p>\n","protected":false},"author":1,"featured_media":0,"comment_status":"open","ping_status":"open","sticky":false,"template":"","format":"standard","meta":{"footnotes":""},"categories":[24,9,239],"tags":[2209,2211,2191,2223,790,2221,2219,2226,2197,2190,2202,788,2207,233,2188,2224,1926,2206,2200,2212,2227,250,789,2214,2187,2222,2201,2204,2203,2193,2220,2199,2205,2194,2217,2210,2185,2196,2198,2195,2192,2215,2213,2225,2186,1988,2218,2208,2017,2216,2189],"class_list":["post-1136","post","type-post","status-publish","format-standard","hentry","category-curiosidades","category-espiritual","category-mensagens","tag-allan-kardec","tag-aristoteles","tag-atrevimento","tag-atual-existencia","tag-coelho","tag-constantino","tag-constrangedoras","tag-crencas","tag-dentro-da-pedagogia","tag-dogmas-foram-feridos","tag-durante-a-existencia","tag-egidio","tag-egos-em-evidencia","tag-eletronica","tag-escrever-este-texto","tag-escrivaninha","tag-espiritualidade","tag-exclusivo","tag-existe-competicao","tag-falsas-doutrinas","tag-fanatismo","tag-fragilidade","tag-garcia","tag-igreja-catolica","tag-iluminada","tag-imperador","tag-incansavel-busca","tag-incorporar","tag-inporpora","tag-ja-e","tag-justiniano","tag-nos-deixando-influenciar","tag-nosso-corpo","tag-onde-existe-amor","tag-papel-das-religioes","tag-platao","tag-polemico","tag-ponto-de-vista","tag-provar-nada","tag-qualquer-contrariedade","tag-quem-e","tag-raizes-filosoficas","tag-radical-mudanca","tag-recanto-das-letras","tag-respeitaremos","tag-socrates","tag-sem-raizes","tag-sete-pecados-capitais","tag-templo-sagrado","tag-tendencias-religiosas","tag-um-sinal-de-alerta"],"_links":{"self":[{"href":"https:\/\/www.motivacao.org\/blog\/wp-json\/wp\/v2\/posts\/1136","targetHints":{"allow":["GET"]}}],"collection":[{"href":"https:\/\/www.motivacao.org\/blog\/wp-json\/wp\/v2\/posts"}],"about":[{"href":"https:\/\/www.motivacao.org\/blog\/wp-json\/wp\/v2\/types\/post"}],"author":[{"embeddable":true,"href":"https:\/\/www.motivacao.org\/blog\/wp-json\/wp\/v2\/users\/1"}],"replies":[{"embeddable":true,"href":"https:\/\/www.motivacao.org\/blog\/wp-json\/wp\/v2\/comments?post=1136"}],"version-history":[{"count":5,"href":"https:\/\/www.motivacao.org\/blog\/wp-json\/wp\/v2\/posts\/1136\/revisions"}],"predecessor-version":[{"id":1138,"href":"https:\/\/www.motivacao.org\/blog\/wp-json\/wp\/v2\/posts\/1136\/revisions\/1138"}],"wp:attachment":[{"href":"https:\/\/www.motivacao.org\/blog\/wp-json\/wp\/v2\/media?parent=1136"}],"wp:term":[{"taxonomy":"category","embeddable":true,"href":"https:\/\/www.motivacao.org\/blog\/wp-json\/wp\/v2\/categories?post=1136"},{"taxonomy":"post_tag","embeddable":true,"href":"https:\/\/www.motivacao.org\/blog\/wp-json\/wp\/v2\/tags?post=1136"}],"curies":[{"name":"wp","href":"https:\/\/api.w.org\/{rel}","templated":true}]}}